{"id":99,"date":"2025-07-13T14:37:35","date_gmt":"2025-07-13T14:37:35","guid":{"rendered":"https:\/\/radiodelsol.es\/?p=99"},"modified":"2025-07-14T14:45:09","modified_gmt":"2025-07-14T14:45:09","slug":"manipulado-para-dormir-uma-solucao-personalizada-para-o-sono-de-qualidade","status":"publish","type":"post","link":"https:\/\/radiodelsol.es\/?p=99","title":{"rendered":"Manipulado para Dormir: Uma Solu\u00e7\u00e3o Personalizada para o Sono de Qualidade"},"content":{"rendered":"\n<p>Em um mundo cada vez mais acelerado, com rotinas exigentes e alta carga de estresse, dormir bem se tornou um verdadeiro desafio para muitas pessoas. Ins\u00f4nia, dificuldade para pegar no sono ou acordar v\u00e1rias vezes durante a noite s\u00e3o queixas comuns nos consult\u00f3rios. Nesse contexto, cresce o interesse por solu\u00e7\u00f5es naturais e personalizadas como o <a href=\"https:\/\/www.biofase.com.br\/saude\/manipulado-para-qualidade-do-sono\" target=\"_blank\" rel=\"noopener\"><strong>manipulado para dormir<\/strong><\/a>.<\/p>\n\n\n\n<p>Mas o que exatamente \u00e9 um medicamento manipulado para o sono? Quais ativos podem fazer parte dessa f\u00f3rmula? E por que confiar em farm\u00e1cias de manipula\u00e7\u00e3o como a<a href=\"https:\/\/www.biofase.com.br\/\" target=\"_blank\" rel=\"noopener\"> Biofase<\/a> faz tanta diferen\u00e7a?<\/p>\n\n\n\n<p>Neste conte\u00fado, voc\u00ea vai entender tudo sobre o <strong>manipulado para dormir<\/strong>, seus benef\u00edcios, ativos mais usados, cuidados no uso e como garantir seguran\u00e7a e qualidade.<\/p>\n\n\n\n<hr class=\"wp-block-separator has-alpha-channel-opacity\"\/>\n\n\n\n<h2 class=\"wp-block-heading\"><strong>O Que \u00c9 um Manipulado para Dormir<\/strong><\/h2>\n\n\n\n<p>O<a href=\"https:\/\/www.biofase.com.br\/saude\/manipulado-para-qualidade-do-sono\" target=\"_blank\" rel=\"noopener\"> <strong>manipulado para dormir<\/strong><\/a> \u00e9 um suplemento ou medicamento preparado em farm\u00e1cia de manipula\u00e7\u00e3o, com f\u00f3rmula personalizada para ajudar a melhorar a qualidade do sono.<\/p>\n\n\n\n<p>Ao contr\u00e1rio dos medicamentos industrializados, que possuem doses padronizadas e f\u00f3rmulas \u00fanicas, os manipulados s\u00e3o adaptados para:<\/p>\n\n\n\n<ul class=\"wp-block-list\">\n<li>Necessidade e idade do paciente.<br><\/li>\n\n\n\n<li>Intensidade dos sintomas.<br><\/li>\n\n\n\n<li>Prefer\u00eancias por ativos naturais.<br><\/li>\n\n\n\n<li>Restri\u00e7\u00f5es alimentares ou alergias.<br><\/li>\n<\/ul>\n\n\n\n<p>Isso permite mais precis\u00e3o e seguran\u00e7a no tratamento.<\/p>\n\n\n\n<hr class=\"wp-block-separator has-alpha-channel-opacity\"\/>\n\n\n\n<h2 class=\"wp-block-heading\"><strong>Por Que Investir em Personaliza\u00e7\u00e3o<\/strong><\/h2>\n\n\n\n<p>Cada pessoa tem um padr\u00e3o de sono e causas diferentes para a ins\u00f4nia ou sono fragmentado. Por isso, o <strong>manipulado para dormir<\/strong> se destaca por permitir:<\/p>\n\n\n\n<ul class=\"wp-block-list\">\n<li>Combina\u00e7\u00e3o de ativos espec\u00edficos para ansiedade, relaxamento ou indu\u00e7\u00e3o do sono.<br><\/li>\n\n\n\n<li>Ajuste de dosagem conforme peso e idade.<br><\/li>\n\n\n\n<li>Inclus\u00e3o de ativos naturais para minimizar efeitos colaterais.<br><\/li>\n\n\n\n<li>Op\u00e7\u00f5es veganas ou sem alerg\u00eanicos.<br><\/li>\n<\/ul>\n\n\n\n<p>Na<a href=\"https:\/\/www.biofase.com.br\/\" target=\"_blank\" rel=\"noopener\"> Biofase<\/a>, o farmac\u00eautico avalia as necessidades do paciente para criar a melhor f\u00f3rmula.<\/p>\n\n\n\n<hr class=\"wp-block-separator has-alpha-channel-opacity\"\/>\n\n\n\n<h2 class=\"wp-block-heading\"><strong>Principais Ativos Utilizados<\/strong><\/h2>\n\n\n\n<p>Entre os ativos mais comuns em f\u00f3rmulas de <a href=\"https:\/\/www.biofase.com.br\/saude\/manipulado-para-qualidade-do-sono\" target=\"_blank\" rel=\"noopener\"><strong>manipulado para dormir<\/strong><\/a>, destacam-se:<\/p>\n\n\n\n<ul class=\"wp-block-list\">\n<li><strong>Melatonina:<\/strong> regula o ciclo circadiano e facilita o in\u00edcio do sono.<br><\/li>\n\n\n\n<li><strong>Passiflora incarnata:<\/strong> calmante natural para estados ansiosos.<br><\/li>\n\n\n\n<li><strong>Valeriana officinalis:<\/strong> sedativo suave, reduz tempo para pegar no sono.<br><\/li>\n\n\n\n<li><strong>L-Teanina:<\/strong> relaxamento sem seda\u00e7\u00e3o, boa para ansiedade noturna.<br><\/li>\n\n\n\n<li><strong>Magn\u00e9sio:<\/strong> contribui para relaxamento muscular e neurol\u00f3gico.<br><\/li>\n\n\n\n<li><strong>5-HTP:<\/strong> precursor da serotonina, auxilia no humor e no sono.<br><\/li>\n<\/ul>\n\n\n\n<p>Esses ativos podem ser combinados em doses personalizadas para resultados mais eficazes.<\/p>\n\n\n\n<hr class=\"wp-block-separator has-alpha-channel-opacity\"\/>\n\n\n\n<h2 class=\"wp-block-heading\"><strong>Benef\u00edcios do Uso Regular<\/strong><\/h2>\n\n\n\n<p>Entre os principais benef\u00edcios de um<a href=\"https:\/\/www.biofase.com.br\/saude\/manipulado-para-qualidade-do-sono\" target=\"_blank\" rel=\"noopener\"> <strong>manipulado para dormir<\/strong><\/a> feito sob medida est\u00e3o:<\/p>\n\n\n\n<ul class=\"wp-block-list\">\n<li>Redu\u00e7\u00e3o do tempo para pegar no sono.<br><\/li>\n\n\n\n<li>Menos despertares noturnos.<br><\/li>\n\n\n\n<li>Sono mais profundo e restaurador.<br><\/li>\n\n\n\n<li>Melhoria no humor e disposi\u00e7\u00e3o durante o dia.<br><\/li>\n\n\n\n<li>Alternativa natural com menos efeitos colaterais.<br><\/li>\n<\/ul>\n\n\n\n<p>Esses resultados s\u00e3o ainda melhores quando o suplemento \u00e9 associado a h\u00e1bitos saud\u00e1veis de higiene do sono.<\/p>\n\n\n\n<hr class=\"wp-block-separator has-alpha-channel-opacity\"\/>\n\n\n\n<h2 class=\"wp-block-heading\"><strong>Quem Pode se Beneficiar<\/strong><\/h2>\n\n\n\n<p>O <strong>manipulado para dormir<\/strong> \u00e9 indicado para:<\/p>\n\n\n\n<ul class=\"wp-block-list\">\n<li>Adultos com ins\u00f4nia ocasional ou cr\u00f4nica leve.<br><\/li>\n\n\n\n<li>Pessoas que sofrem com ansiedade noturna.<br><\/li>\n\n\n\n<li>Quem trabalha em turnos ou viagens constantes (jet lag).<br><\/li>\n\n\n\n<li>Idosos com altera\u00e7\u00e3o no ciclo circadiano.<br><\/li>\n\n\n\n<li>Pacientes que buscam alternativas naturais aos sedativos convencionais.<br><\/li>\n<\/ul>\n\n\n\n<p>Em farm\u00e1cias como a<a href=\"https:\/\/www.biofase.com.br\/\" target=\"_blank\" rel=\"noopener\"> Biofase<\/a>, \u00e9 poss\u00edvel personalizar a f\u00f3rmula conforme essas necessidades.<\/p>\n\n\n\n<hr class=\"wp-block-separator has-alpha-channel-opacity\"\/>\n\n\n\n<h2 class=\"wp-block-heading\"><strong>Por Que Escolher Farm\u00e1cia de Manipula\u00e7\u00e3o<\/strong><\/h2>\n\n\n\n<p>Optar por um <a href=\"https:\/\/www.biofase.com.br\/saude\/manipulado-para-qualidade-do-sono\" target=\"_blank\" rel=\"noopener\"><strong>manipulado para dormir<\/strong><\/a> em farm\u00e1cia de manipula\u00e7\u00e3o oferece vantagens \u00fanicas:<\/p>\n\n\n\n<ul class=\"wp-block-list\">\n<li>Personaliza\u00e7\u00e3o real conforme o perfil do paciente.<br><\/li>\n\n\n\n<li>Combina\u00e7\u00e3o de ativos para atuar em m\u00faltiplas causas do problema.<br><\/li>\n\n\n\n<li>Aus\u00eancia de corantes ou conservantes desnecess\u00e1rios.<br><\/li>\n\n\n\n<li>Op\u00e7\u00f5es veganas ou sem lactose.<br><\/li>\n\n\n\n<li>Suporte t\u00e9cnico para esclarecer d\u00favidas.<br><\/li>\n<\/ul>\n\n\n\n<p>Na<a href=\"https:\/\/www.biofase.com.br\/\" target=\"_blank\" rel=\"noopener\"> Biofase<\/a>, h\u00e1 um cuidado especial na escolha de insumos certificados e no atendimento pr\u00f3ximo ao paciente.<\/p>\n\n\n\n<hr class=\"wp-block-separator has-alpha-channel-opacity\"\/>\n\n\n\n<h2 class=\"wp-block-heading\"><strong>Como Usar com Seguran\u00e7a<\/strong><\/h2>\n\n\n\n<p>Para obter resultados com o<a href=\"https:\/\/www.biofase.com.br\/saude\/manipulado-para-qualidade-do-sono\" target=\"_blank\" rel=\"noopener\"> <strong>manipulado para dormir<\/strong><\/a>, siga algumas recomenda\u00e7\u00f5es:<\/p>\n\n\n\n<ul class=\"wp-block-list\">\n<li>Use conforme a prescri\u00e7\u00e3o m\u00e9dica ou orienta\u00e7\u00e3o do farmac\u00eautico.<br><\/li>\n\n\n\n<li>Evite associar com \u00e1lcool ou outros sedativos sem orienta\u00e7\u00e3o.<br><\/li>\n\n\n\n<li>Mantenha hor\u00e1rios regulares para dormir e acordar.<br><\/li>\n\n\n\n<li>Reduza o uso de telas antes de deitar.<br><\/li>\n\n\n\n<li>Pratique t\u00e9cnicas de relaxamento ou medita\u00e7\u00e3o.<br><\/li>\n<\/ul>\n\n\n\n<p>Esses h\u00e1bitos potencializam o efeito dos ativos e promovem um sono mais saud\u00e1vel.<\/p>\n\n\n\n<hr class=\"wp-block-separator has-alpha-channel-opacity\"\/>\n\n\n\n<h2 class=\"wp-block-heading\"><strong>Resultados Esperados com Uso Regular<\/strong><\/h2>\n\n\n\n<p>O uso disciplinado do <a href=\"https:\/\/www.biofase.com.br\/saude\/manipulado-para-qualidade-do-sono\" target=\"_blank\" rel=\"noopener\"><strong>manipulado para dormir<\/strong><\/a> costuma resultar em:<\/p>\n\n\n\n<ul class=\"wp-block-list\">\n<li>Melhora gradual da qualidade do sono em poucas semanas.<br><\/li>\n\n\n\n<li>Redu\u00e7\u00e3o da ansiedade noturna.<br><\/li>\n\n\n\n<li>Sensa\u00e7\u00e3o de descanso real ao acordar.<br><\/li>\n\n\n\n<li>Mais energia e disposi\u00e7\u00e3o durante o dia.<br><\/li>\n\n\n\n<li>Menos depend\u00eancia de medicamentos sedativos convencionais.<br><\/li>\n<\/ul>\n\n\n\n<p>Resultados variam conforme a causa da ins\u00f4nia e o comprometimento com h\u00e1bitos saud\u00e1veis.<\/p>\n\n\n\n<hr class=\"wp-block-separator has-alpha-channel-opacity\"\/>\n\n\n\n<h2 class=\"wp-block-heading\"><strong>Quem Deve Usar com Aten\u00e7\u00e3o<\/strong><\/h2>\n\n\n\n<p>Embora os ativos sejam naturais ou em doses ajustadas, o <strong>manipulado para dormir<\/strong> requer cuidados especiais para:<\/p>\n\n\n\n<ul class=\"wp-block-list\">\n<li>Gestantes e lactantes (uso s\u00f3 com orienta\u00e7\u00e3o m\u00e9dica).<br><\/li>\n\n\n\n<li>Crian\u00e7as e adolescentes (dose adaptada e sempre supervisionada).<br><\/li>\n\n\n\n<li>Pessoas com doen\u00e7as cr\u00f4nicas ou em uso de medica\u00e7\u00e3o cont\u00ednua.<br><\/li>\n\n\n\n<li>Pacientes com alergias a algum excipiente ou ativo.<br><\/li>\n<\/ul>\n\n\n\n<p>A orienta\u00e7\u00e3o profissional \u00e9 sempre recomendada antes de iniciar qualquer f\u00f3rmula.<\/p>\n\n\n\n<hr class=\"wp-block-separator has-alpha-channel-opacity\"\/>\n\n\n\n<h2 class=\"wp-block-heading\"><strong>Por Que Escolher a Biofase<\/strong><\/h2>\n\n\n\n<p>Na<a href=\"https:\/\/www.biofase.com.br\/\" target=\"_blank\" rel=\"noopener\"> Biofase<\/a>, voc\u00ea encontra vantagens importantes para quem busca um <a href=\"https:\/\/www.biofase.com.br\/saude\/manipulado-para-qualidade-do-sono\" target=\"_blank\" rel=\"noopener\"><strong>manipulado para dormir<\/strong><\/a> confi\u00e1vel:<\/p>\n\n\n\n<ul class=\"wp-block-list\">\n<li>Atendimento t\u00e9cnico para definir a f\u00f3rmula ideal.<br><\/li>\n\n\n\n<li>Insumos certificados e rastre\u00e1veis para seguran\u00e7a total.<br><\/li>\n\n\n\n<li>F\u00f3rmulas adaptadas para adultos, idosos e at\u00e9 crian\u00e7as.<br><\/li>\n\n\n\n<li>Entrega pr\u00e1tica e segura para todo o Brasil.<br><\/li>\n\n\n\n<li>Compromisso com sa\u00fade, bem-estar e satisfa\u00e7\u00e3o do cliente.<br><\/li>\n<\/ul>\n\n\n\n<p>Na Biofase, o cuidado vai muito al\u00e9m de vender um produto \u2014 \u00e9 uma filosofia de atendimento personalizado.<\/p>\n\n\n\n<hr class=\"wp-block-separator has-alpha-channel-opacity\"\/>\n\n\n\n<h2 class=\"wp-block-heading\"><strong>Considera\u00e7\u00f5es Finais<\/strong><\/h2>\n\n\n\n<p>Dormir bem n\u00e3o \u00e9 luxo, \u00e9 necessidade. E o <a href=\"https:\/\/www.biofase.com.br\/saude\/manipulado-para-qualidade-do-sono\" target=\"_blank\" rel=\"noopener\"><strong>manipulado para dormir<\/strong><\/a> surge como uma ferramenta valiosa para quem busca um sono de qualidade de forma personalizada e segura.<\/p>\n\n\n\n<p>Ao escolher farm\u00e1cias de manipula\u00e7\u00e3o como a<a href=\"https:\/\/www.biofase.com.br\/\" target=\"_blank\" rel=\"noopener\"> Biofase<\/a>, voc\u00ea garante mais que um suplemento: um cuidado pensado exclusivamente para voc\u00ea, com apoio t\u00e9cnico e seguran\u00e7a em cada detalhe.<\/p>\n\n\n\n<p>Porque investir no sono \u00e9 investir em sa\u00fade, bem-estar e qualidade de vida.<\/p>\n\n\n\n<hr class=\"wp-block-separator has-alpha-channel-opacity\"\/>\n\n\n\n<h2 class=\"wp-block-heading\"><strong>Fontes Confi\u00e1veis<\/strong><\/h2>\n\n\n\n<ul class=\"wp-block-list\">\n<li><a href=\"https:\/\/pt.wikipedia.org\/wiki\/Ins%C3%B4nia\" target=\"_blank\" rel=\"noopener\">Wikipedia \u2013 Ins\u00f4nia<br><\/a><\/li>\n\n\n\n<li>ANVISA \u2013 Fitoter\u00e1picos e Produtos Naturais<br><\/li>\n\n\n\n<li><a href=\"https:\/\/pubmed.ncbi.nlm.nih.gov\/\" target=\"_blank\" rel=\"noopener\">PubMed \u2013 Natural Products in Sleep Disorders<br><\/a><\/li>\n\n\n\n<li>G1 \u2013 Como dormir melhor: especialistas d\u00e3o dicas<\/li>\n<\/ul>\n","protected":false},"excerpt":{"rendered":"<p>Em um mundo cada vez mais acelerado, com rotinas exigentes e alta carga de estresse, dormir bem se tornou um verdadeiro desafio para muitas pessoas. Ins\u00f4nia, dificuldade para pegar no sono ou acordar v\u00e1rias vezes durante a noite s\u00e3o queixas comuns nos consult\u00f3rios. Nesse contexto, cresce o interesse por solu\u00e7\u00f5es naturais e personalizadas como o [&hellip;]<\/p>\n","protected":false},"author":1,"featured_media":100,"comment_status":"open","ping_status":"open","sticky":false,"template":"","format":"standard","meta":{"footnotes":""},"categories":[3],"tags":[],"class_list":["post-99","post","type-post","status-publish","format-standard","has-post-thumbnail","hentry","category-news"],"_links":{"self":[{"href":"https:\/\/radiodelsol.es\/index.php?rest_route=\/wp\/v2\/posts\/99","targetHints":{"allow":["GET"]}}],"collection":[{"href":"https:\/\/radiodelsol.es\/index.php?rest_route=\/wp\/v2\/posts"}],"about":[{"href":"https:\/\/radiodelsol.es\/index.php?rest_route=\/wp\/v2\/types\/post"}],"author":[{"embeddable":true,"href":"https:\/\/radiodelsol.es\/index.php?rest_route=\/wp\/v2\/users\/1"}],"replies":[{"embeddable":true,"href":"https:\/\/radiodelsol.es\/index.php?rest_route=%2Fwp%2Fv2%2Fcomments&post=99"}],"version-history":[{"count":1,"href":"https:\/\/radiodelsol.es\/index.php?rest_route=\/wp\/v2\/posts\/99\/revisions"}],"predecessor-version":[{"id":101,"href":"https:\/\/radiodelsol.es\/index.php?rest_route=\/wp\/v2\/posts\/99\/revisions\/101"}],"wp:featuredmedia":[{"embeddable":true,"href":"https:\/\/radiodelsol.es\/index.php?rest_route=\/wp\/v2\/media\/100"}],"wp:attachment":[{"href":"https:\/\/radiodelsol.es\/index.php?rest_route=%2Fwp%2Fv2%2Fmedia&parent=99"}],"wp:term":[{"taxonomy":"category","embeddable":true,"href":"https:\/\/radiodelsol.es\/index.php?rest_route=%2Fwp%2Fv2%2Fcategories&post=99"},{"taxonomy":"post_tag","embeddable":true,"href":"https:\/\/radiodelsol.es\/index.php?rest_route=%2Fwp%2Fv2%2Ftags&post=99"}],"curies":[{"name":"wp","href":"https:\/\/api.w.org\/{rel}","templated":true}]}}