{"id":96,"date":"2025-07-13T14:34:01","date_gmt":"2025-07-13T14:34:01","guid":{"rendered":"https:\/\/radiodelsol.es\/?p=96"},"modified":"2025-07-14T14:37:02","modified_gmt":"2025-07-14T14:37:02","slug":"floral-de-bach-para-agitacao-infantil-um-recurso-natural-e-seguro-para-o-equilibrio-emocional-das-criancas","status":"publish","type":"post","link":"https:\/\/radiodelsol.es\/?p=96","title":{"rendered":"Floral de Bach para Agita\u00e7\u00e3o Infantil: Um Recurso Natural e Seguro para o Equil\u00edbrio Emocional das Crian\u00e7as"},"content":{"rendered":"\n<h2 class=\"wp-block-heading\"><strong>Quando a agita\u00e7\u00e3o ultrapassa os limites<\/strong><\/h2>\n\n\n\n<p>\u00c9 natural que crian\u00e7as sejam ativas, curiosas e energ\u00e9ticas. No entanto, quando a agita\u00e7\u00e3o se transforma em inquieta\u00e7\u00e3o constante, dificuldade de concentra\u00e7\u00e3o, impulsividade ou mesmo em altera\u00e7\u00f5es no sono e no apetite, pais e cuidadores come\u00e7am a buscar alternativas seguras para ajudar os pequenos. Nesse cen\u00e1rio, o <a href=\"https:\/\/www.biofase.com.br\/floral-kids-agitacao-e-hiperatividade\" target=\"_blank\" rel=\"noopener\"><strong>floral de Bach para agita\u00e7\u00e3o infantil<\/strong><\/a> surge como uma solu\u00e7\u00e3o natural e eficaz.<\/p>\n\n\n\n<p>Essa abordagem suave e personalizada respeita o desenvolvimento infantil e contribui para o equil\u00edbrio emocional das crian\u00e7as, sem recorrer a medicamentos controlados ou tratamentos invasivos. E quando o floral \u00e9 manipulado por uma farm\u00e1cia especializada como a<a href=\"https:\/\/www.biofase.com.br\/floral-kids-agitacao-e-hiperatividade\" target=\"_blank\" rel=\"noopener\"> Biofase<\/a>, a confian\u00e7a e os resultados tornam-se ainda mais evidentes.<\/p>\n\n\n\n<hr class=\"wp-block-separator has-alpha-channel-opacity\"\/>\n\n\n\n<h2 class=\"wp-block-heading\"><strong>O que \u00e9 o floral de Bach para agita\u00e7\u00e3o infantil?<\/strong><\/h2>\n\n\n\n<p>O <a href=\"https:\/\/www.biofase.com.br\/floral-kids-agitacao-e-hiperatividade\" target=\"_blank\" rel=\"noopener\"><strong>floral de Bach para agita\u00e7\u00e3o infantil<\/strong><\/a> \u00e9 uma f\u00f3rmula composta por ess\u00eancias florais selecionadas especialmente para lidar com sintomas comportamentais comuns na inf\u00e2ncia. Esses florais atuam no campo emocional da crian\u00e7a, ajudando-a a encontrar calma, foco e autoconfian\u00e7a, sem alterar sua personalidade ou vitalidade natural.<\/p>\n\n\n\n<p>Desenvolvidos pelo m\u00e9dico ingl\u00eas Edward Bach, os florais s\u00e3o utilizados desde os anos 1930 para ajudar na regula\u00e7\u00e3o emocional. Segundo a<a href=\"https:\/\/pt.wikipedia.org\/wiki\/Florais_de_Bach\" target=\"_blank\" rel=\"noopener\"> Wikipedia<\/a>, eles s\u00e3o preparados com extratos l\u00edquidos de flores silvestres e n\u00e3o possuem contraindica\u00e7\u00f5es ou efeitos colaterais.<\/p>\n\n\n\n<hr class=\"wp-block-separator has-alpha-channel-opacity\"\/>\n\n\n\n<h2 class=\"wp-block-heading\"><strong>Quais s\u00e3o os benef\u00edcios?<\/strong><\/h2>\n\n\n\n<p>Os benef\u00edcios do <a href=\"https:\/\/www.biofase.com.br\/floral-kids-agitacao-e-hiperatividade\" target=\"_blank\" rel=\"noopener\"><strong>floral de Bach para agita\u00e7\u00e3o infantil<\/strong><\/a> s\u00e3o percept\u00edveis de forma gradual, respeitando o ritmo da crian\u00e7a. Entre os principais ganhos relatados por pais e terapeutas est\u00e3o:<\/p>\n\n\n\n<ul class=\"wp-block-list\">\n<li>Redu\u00e7\u00e3o da inquieta\u00e7\u00e3o e do comportamento impulsivo;<br><\/li>\n\n\n\n<li>Melhora da concentra\u00e7\u00e3o e foco em tarefas escolares;<br><\/li>\n\n\n\n<li>Sono mais tranquilo e restaurador;<br><\/li>\n\n\n\n<li>Menos irritabilidade e choros sem motivo aparente;<br><\/li>\n\n\n\n<li>Equil\u00edbrio das emo\u00e7\u00f5es em momentos de transi\u00e7\u00e3o (como mudan\u00e7as de escola ou nascimento de irm\u00e3os).<br><\/li>\n<\/ul>\n\n\n\n<p>Ao contr\u00e1rio de f\u00e1rmacos, os florais n\u00e3o inibem o comportamento natural da crian\u00e7a, mas ajudam a modular rea\u00e7\u00f5es exageradas, trazendo mais estabilidade emocional.<\/p>\n\n\n\n<hr class=\"wp-block-separator has-alpha-channel-opacity\"\/>\n\n\n\n<h2 class=\"wp-block-heading\"><strong>Por que pais est\u00e3o optando por solu\u00e7\u00f5es naturais?<\/strong><\/h2>\n\n\n\n<p>Com o aumento dos diagn\u00f3sticos de <strong>TDAH<\/strong> e dist\u00farbios de comportamento, muitos pais t\u00eam buscado terapias alternativas antes de iniciar o uso de medica\u00e7\u00f5es controladas. O <strong>floral de Bach para agita\u00e7\u00e3o infantil<\/strong> oferece um caminho intermedi\u00e1rio: n\u00e3o \u00e9 um substituto de tratamentos m\u00e9dicos quando h\u00e1 diagn\u00f3stico confirmado, mas pode ser um <strong>grande aliado em casos de agita\u00e7\u00e3o leve a moderada<\/strong>.<\/p>\n\n\n\n<p>Essa escolha tamb\u00e9m vem da preocupa\u00e7\u00e3o com o bem-estar a longo prazo, evitando o uso prolongado de medicamentos que podem causar efeitos adversos ou depend\u00eancia.<\/p>\n\n\n\n<hr class=\"wp-block-separator has-alpha-channel-opacity\"\/>\n\n\n\n<h2 class=\"wp-block-heading\"><strong>Como os florais atuam nas emo\u00e7\u00f5es infantis?<\/strong><\/h2>\n\n\n\n<p>O floral de Bach age de forma sutil, equilibrando os estados emocionais desregulados. A f\u00f3rmula infantil \u00e9 composta por ess\u00eancias como:<\/p>\n\n\n\n<ul class=\"wp-block-list\">\n<li><strong>Impatiens<\/strong>: para impaci\u00eancia e irritabilidade;<br><\/li>\n\n\n\n<li><strong>Vervain<\/strong>: para excesso de entusiasmo ou agita\u00e7\u00e3o mental;<br><\/li>\n\n\n\n<li><strong>Cherry Plum<\/strong>: para crian\u00e7as com impulsividade ou explos\u00f5es emocionais;<br><\/li>\n\n\n\n<li><strong>White Chestnut<\/strong>: para pensamentos repetitivos, que atrapalham o foco e o sono.<br><\/li>\n<\/ul>\n\n\n\n<p>A manipula\u00e7\u00e3o personalizada da f\u00f3rmula, como realizada pela<a href=\"https:\/\/www.biofase.com.br\/floral-kids-agitacao-e-hiperatividade\" target=\"_blank\" rel=\"noopener\"> Biofase<\/a>, garante que cada crian\u00e7a receba o composto ideal conforme suas necessidades emocionais espec\u00edficas.<\/p>\n\n\n\n<hr class=\"wp-block-separator has-alpha-channel-opacity\"\/>\n\n\n\n<h2 class=\"wp-block-heading\"><strong>Quando considerar o uso do floral de Bach para agita\u00e7\u00e3o infantil?<\/strong><\/h2>\n\n\n\n<ul class=\"wp-block-list\">\n<li>Quando a crian\u00e7a apresenta sinais de irritabilidade frequente;<br><\/li>\n\n\n\n<li>Se ela tem dificuldade de permanecer em uma atividade por mais de alguns minutos;<br><\/li>\n\n\n\n<li>Se a agita\u00e7\u00e3o impacta negativamente o desempenho escolar;<br><\/li>\n\n\n\n<li>Quando h\u00e1 relatos de dificuldade para dormir ou relaxar;<br><\/li>\n\n\n\n<li>Se a crian\u00e7a responde mal a mudan\u00e7as de rotina ou ambiente.<br><\/li>\n<\/ul>\n\n\n\n<p>Muitos pais relatam que, ao usar o floral com orienta\u00e7\u00e3o, observam <strong>melhoras significativas em menos de um m\u00eas<\/strong>. A continuidade \u00e9 essencial, e o acompanhamento de um terapeuta ou farmac\u00eautico \u00e9 recomendado.<\/p>\n\n\n\n<hr class=\"wp-block-separator has-alpha-channel-opacity\"\/>\n\n\n\n<h2 class=\"wp-block-heading\"><strong>Onde encontrar florais confi\u00e1veis?<\/strong><\/h2>\n\n\n\n<p>A qualidade e proced\u00eancia do <a href=\"https:\/\/www.biofase.com.br\/floral-kids-agitacao-e-hiperatividade\" target=\"_blank\" rel=\"noopener\"><strong>floral de Bach para agita\u00e7\u00e3o infantil<\/strong><\/a> s\u00e3o determinantes para a seguran\u00e7a e efic\u00e1cia do produto. A<a href=\"https:\/\/www.biofase.com.br\/\" target=\"_blank\" rel=\"noopener\"> Biofase<\/a> \u00e9 uma farm\u00e1cia de manipula\u00e7\u00e3o refer\u00eancia no segmento, oferecendo f\u00f3rmulas espec\u00edficas para o p\u00fablico infantil com ingredientes certificados, manipula\u00e7\u00e3o cuidadosa e suporte ao cliente.<\/p>\n\n\n\n<p>A f\u00f3rmula<a href=\"https:\/\/www.biofase.com.br\/floral-kids-agitacao-e-hiperatividade\" target=\"_blank\" rel=\"noopener\"> Floral Kids \u2013 Agita\u00e7\u00e3o e Hiperatividade<\/a> \u00e9 um dos destaques da marca, desenvolvida especialmente para crian\u00e7as que enfrentam dificuldades de concentra\u00e7\u00e3o, agita\u00e7\u00e3o intensa ou comportamentos impulsivos.<\/p>\n\n\n\n<hr class=\"wp-block-separator has-alpha-channel-opacity\"\/>\n\n\n\n<h2 class=\"wp-block-heading\"><strong>Links e estudos complementares<\/strong><\/h2>\n\n\n\n<ul class=\"wp-block-list\">\n<li><a href=\"https:\/\/pt.wikipedia.org\/wiki\/Florais_de_Bach\" target=\"_blank\" rel=\"noopener\">Wikipedia \u2013 Florais de Bach<br><\/a><\/li>\n\n\n\n<li><a href=\"https:\/\/revistacrescer.globo.com\/\" target=\"_blank\" rel=\"noopener\">Revista Crescer: Alternativas naturais para lidar com o comportamento infantil<br><\/a><\/li>\n\n\n\n<li><a href=\"https:\/\/pubmed.ncbi.nlm.nih.gov\/27654106\/\" target=\"_blank\" rel=\"noopener\">Estudo PubMed: Ess\u00eancias florais no comportamento infantil<br><\/a><\/li>\n\n\n\n<li><a href=\"https:\/\/abpp.org.br\/\" target=\"_blank\" rel=\"noopener\">Associa\u00e7\u00e3o Brasileira de Psicopedagogia<br><\/a><\/li>\n<\/ul>\n\n\n\n<hr class=\"wp-block-separator has-alpha-channel-opacity\"\/>\n\n\n\n<ol class=\"wp-block-list\">\n<li>Descubra como o <strong>floral de Bach para agita\u00e7\u00e3o infantil<\/strong> ajuda no desenvolvimento emocional das crian\u00e7as:<a href=\"https:\/\/www.biofase.com.br\/floral-kids-agitacao-e-hiperatividade\" target=\"_blank\" rel=\"noopener\"> Floral Kids \u2013 Agita\u00e7\u00e3o e Hiperatividade<br><\/a><\/li>\n\n\n\n<li>Saiba como o <strong>floral de Bach para agita\u00e7\u00e3o infantil<\/strong> pode melhorar a rotina escolar:<a href=\"https:\/\/www.biofase.com.br\/floral-kids-agitacao-e-hiperatividade\" target=\"_blank\" rel=\"noopener\"> Veja mais aqui<br><\/a><\/li>\n\n\n\n<li>O <strong>floral de Bach para agita\u00e7\u00e3o infantil<\/strong> da Biofase \u00e9 formulado com ess\u00eancias espec\u00edficas para equil\u00edbrio emocional:<a href=\"https:\/\/www.biofase.com.br\/floral-kids-agitacao-e-hiperatividade\" target=\"_blank\" rel=\"noopener\"> Conhe\u00e7a a f\u00f3rmula<br><\/a><\/li>\n\n\n\n<li>Veja como incluir o <strong>floral de Bach para agita\u00e7\u00e3o infantil<\/strong> na rotina da crian\u00e7a de forma pr\u00e1tica:<a href=\"https:\/\/www.biofase.com.br\/floral-kids-agitacao-e-hiperatividade\" target=\"_blank\" rel=\"noopener\"> Acesse o produto<br><\/a><\/li>\n\n\n\n<li>Opini\u00f5es sobre o <strong>floral de Bach para agita\u00e7\u00e3o infantil<\/strong> manipulados na Biofase:<a href=\"https:\/\/www.biofase.com.br\/floral-kids-agitacao-e-hiperatividade\" target=\"_blank\" rel=\"noopener\"> Leia relatos de clientes<br><\/a><\/li>\n<\/ol>\n\n\n\n<hr class=\"wp-block-separator has-alpha-channel-opacity\"\/>\n\n\n\n<h2 class=\"wp-block-heading\"><strong>Como usar corretamente o floral?<\/strong><\/h2>\n\n\n\n<p>O uso correto \u00e9 simples e pr\u00e1tico. A recomenda\u00e7\u00e3o padr\u00e3o \u00e9:<\/p>\n\n\n\n<ul class=\"wp-block-list\">\n<li>Administrar 4 gotas, 4 vezes ao dia;<br><\/li>\n\n\n\n<li>Pode ser ingerido puro ou dilu\u00eddo em suco ou \u00e1gua;<br><\/li>\n\n\n\n<li>Em crian\u00e7as pequenas, tamb\u00e9m pode ser aplicado em pontos energ\u00e9ticos, como pulsos ou nuca;<br><\/li>\n\n\n\n<li>O uso cont\u00ednuo por pelo menos 21 dias \u00e9 essencial para observar resultados consistentes.<br><\/li>\n<\/ul>\n\n\n\n<p><strong>Importante:<\/strong> embora os florais sejam seguros, \u00e9 sempre recomend\u00e1vel consultar um profissional de sa\u00fade antes de iniciar qualquer tratamento alternativo, especialmente em crian\u00e7as com hist\u00f3rico de transtornos ou uso de medica\u00e7\u00f5es.<\/p>\n\n\n\n<hr class=\"wp-block-separator has-alpha-channel-opacity\"\/>\n\n\n\n<h2 class=\"wp-block-heading\"><strong>Conclus\u00e3o<\/strong><\/h2>\n\n\n\n<p>O <a href=\"https:\/\/www.biofase.com.br\/floral-kids-agitacao-e-hiperatividade\" target=\"_blank\" rel=\"noopener\"><strong>floral de Bach para agita\u00e7\u00e3o infantil<\/strong><\/a> representa uma alternativa natural, segura e eficaz para auxiliar no equil\u00edbrio emocional das crian\u00e7as. Ele n\u00e3o substitui o amor, o cuidado ou o acompanhamento profissional, mas pode atuar como um <strong>apoio essencial na constru\u00e7\u00e3o de uma inf\u00e2ncia mais tranquila, focada e saud\u00e1vel<\/strong>.<\/p>\n\n\n\n<p>Se voc\u00ea est\u00e1 em busca de uma solu\u00e7\u00e3o personalizada e confi\u00e1vel, conhe\u00e7a a linha de florais infantis da<a href=\"https:\/\/www.biofase.com.br\/floral-kids-agitacao-e-hiperatividade\" target=\"_blank\" rel=\"noopener\"> Biofase<\/a>, refer\u00eancia em manipula\u00e7\u00e3o e cuidado com o bem-estar da fam\u00edlia.<\/p>\n","protected":false},"excerpt":{"rendered":"<p>Quando a agita\u00e7\u00e3o ultrapassa os limites \u00c9 natural que crian\u00e7as sejam ativas, curiosas e energ\u00e9ticas. No entanto, quando a agita\u00e7\u00e3o se transforma em inquieta\u00e7\u00e3o constante, dificuldade de concentra\u00e7\u00e3o, impulsividade ou mesmo em altera\u00e7\u00f5es no sono e no apetite, pais e cuidadores come\u00e7am a buscar alternativas seguras para ajudar os pequenos. Nesse cen\u00e1rio, o floral de [&hellip;]<\/p>\n","protected":false},"author":1,"featured_media":97,"comment_status":"open","ping_status":"open","sticky":false,"template":"","format":"standard","meta":{"footnotes":""},"categories":[3],"tags":[],"class_list":["post-96","post","type-post","status-publish","format-standard","has-post-thumbnail","hentry","category-news"],"_links":{"self":[{"href":"https:\/\/radiodelsol.es\/index.php?rest_route=\/wp\/v2\/posts\/96","targetHints":{"allow":["GET"]}}],"collection":[{"href":"https:\/\/radiodelsol.es\/index.php?rest_route=\/wp\/v2\/posts"}],"about":[{"href":"https:\/\/radiodelsol.es\/index.php?rest_route=\/wp\/v2\/types\/post"}],"author":[{"embeddable":true,"href":"https:\/\/radiodelsol.es\/index.php?rest_route=\/wp\/v2\/users\/1"}],"replies":[{"embeddable":true,"href":"https:\/\/radiodelsol.es\/index.php?rest_route=%2Fwp%2Fv2%2Fcomments&post=96"}],"version-history":[{"count":1,"href":"https:\/\/radiodelsol.es\/index.php?rest_route=\/wp\/v2\/posts\/96\/revisions"}],"predecessor-version":[{"id":98,"href":"https:\/\/radiodelsol.es\/index.php?rest_route=\/wp\/v2\/posts\/96\/revisions\/98"}],"wp:featuredmedia":[{"embeddable":true,"href":"https:\/\/radiodelsol.es\/index.php?rest_route=\/wp\/v2\/media\/97"}],"wp:attachment":[{"href":"https:\/\/radiodelsol.es\/index.php?rest_route=%2Fwp%2Fv2%2Fmedia&parent=96"}],"wp:term":[{"taxonomy":"category","embeddable":true,"href":"https:\/\/radiodelsol.es\/index.php?rest_route=%2Fwp%2Fv2%2Fcategories&post=96"},{"taxonomy":"post_tag","embeddable":true,"href":"https:\/\/radiodelsol.es\/index.php?rest_route=%2Fwp%2Fv2%2Ftags&post=96"}],"curies":[{"name":"wp","href":"https:\/\/api.w.org\/{rel}","templated":true}]}}