{"id":93,"date":"2025-07-09T20:33:52","date_gmt":"2025-07-09T20:33:52","guid":{"rendered":"https:\/\/radiodelsol.es\/?p=93"},"modified":"2025-07-11T20:37:42","modified_gmt":"2025-07-11T20:37:42","slug":"cabeca-manequim-destaque-para-acessorios-e-elegancia-nas-vitrines","status":"publish","type":"post","link":"https:\/\/radiodelsol.es\/?p=93","title":{"rendered":"Cabe\u00e7a manequim: destaque para acess\u00f3rios e eleg\u00e2ncia nas vitrines"},"content":{"rendered":"\n<p>Em uma loja de moda, cada detalhe na apresenta\u00e7\u00e3o dos produtos influencia na decis\u00e3o de compra do cliente. A <a href=\"https:\/\/artcomvidros.com.br\/manequim\/cabecas-de-manequins\/\" target=\"_blank\" rel=\"noopener\"><strong>cabe\u00e7a manequim<\/strong><\/a> \u00e9 um desses elementos que, apesar de simples, tem um impacto enorme na forma como acess\u00f3rios s\u00e3o exibidos.<\/p>\n\n\n\n<p>Investir em <a href=\"https:\/\/artcomvidros.com.br\/manequim\/cabecas-de-manequins\/\" target=\"_blank\" rel=\"noopener\"><strong>cabe\u00e7a manequim<\/strong><\/a> significa valorizar chap\u00e9us, bon\u00e9s, perucas, joias e \u00f3culos, criando vitrines mais completas e profissionais. Neste conte\u00fado, voc\u00ea vai conhecer os usos, vantagens e onde encontrar modelos de qualidade como os da<a href=\"https:\/\/artcomvidros.com.br\/\" target=\"_blank\" rel=\"noopener\"> ArtCom Vidros<\/a>.<\/p>\n\n\n\n<hr class=\"wp-block-separator has-alpha-channel-opacity\"\/>\n\n\n\n<h2 class=\"wp-block-heading\"><strong>O que \u00e9 cabe\u00e7a manequim?<\/strong><\/h2>\n\n\n\n<p>A<a href=\"https:\/\/artcomvidros.com.br\/manequim\/cabecas-de-manequins\/\" target=\"_blank\" rel=\"noopener\"> <strong>cabe\u00e7a manequim<\/strong><\/a> \u00e9 um suporte tridimensional em formato de cabe\u00e7a humana, usado para expor acess\u00f3rios de maneira realista. Ela pode ser feita de pl\u00e1stico, resina ou fibra de vidro e est\u00e1 dispon\u00edvel em modelos realistas ou minimalistas.<\/p>\n\n\n\n<p>Em vitrines e interiores de loja, a <strong>cabe\u00e7a manequim<\/strong> ajuda o cliente a visualizar melhor o produto em uso, criando conex\u00e3o e desejo de compra.<\/p>\n\n\n\n<hr class=\"wp-block-separator has-alpha-channel-opacity\"\/>\n\n\n\n<h2 class=\"wp-block-heading\"><strong>Vantagens de usar cabe\u00e7a manequim na loja<\/strong><\/h2>\n\n\n\n<p>Usar uma<a href=\"https:\/\/artcomvidros.com.br\/manequim\/cabecas-de-manequins\/\" target=\"_blank\" rel=\"noopener\"> <strong>cabe\u00e7a manequim<\/strong><\/a> oferece diversas vantagens estrat\u00e9gicas:<\/p>\n\n\n\n<ul class=\"wp-block-list\">\n<li><strong>Valoriza o produto<\/strong>: mostra caimento e encaixe realista.<\/li>\n\n\n\n<li><strong>Organiza a exposi\u00e7\u00e3o<\/strong>: evita bagun\u00e7a em prateleiras.<\/li>\n\n\n\n<li><strong>Atrai aten\u00e7\u00e3o na vitrine<\/strong>: convida o cliente a entrar.<\/li>\n\n\n\n<li><strong>Facilita combina\u00e7\u00f5es<\/strong>: permite expor conjuntos de acess\u00f3rios.<\/li>\n\n\n\n<li><strong>Comunica profissionalismo<\/strong>: refor\u00e7a a imagem de marca cuidadosa.<\/li>\n<\/ul>\n\n\n\n<p>Esses benef\u00edcios tornam a <strong>cabe\u00e7a manequim<\/strong> um investimento de alto retorno para qualquer lojista.<\/p>\n\n\n\n<hr class=\"wp-block-separator has-alpha-channel-opacity\"\/>\n\n\n\n<h2 class=\"wp-block-heading\"><strong>Tipos de cabe\u00e7a manequim<\/strong><\/h2>\n\n\n\n<p>Existem diversos modelos de <strong>cabe\u00e7a manequim<\/strong> para atender diferentes propostas de vitrine e p\u00fablico:<\/p>\n\n\n\n<ul class=\"wp-block-list\">\n<li><strong>Realistas<\/strong>: com fei\u00e7\u00f5es detalhadas, cores naturais e at\u00e9 maquiagem.<\/li>\n\n\n\n<li><strong>Minimalistas ou estilizadas<\/strong>: design moderno para vitrines conceituais.<\/li>\n\n\n\n<li><strong>Coloridas ou transl\u00facidas<\/strong>: ousadia para marcas jovens.<\/li>\n\n\n\n<li><strong>Infantis ou adultas<\/strong>: para p\u00fablicos espec\u00edficos.<\/li>\n<\/ul>\n\n\n\n<p>Na<a href=\"https:\/\/artcomvidros.com.br\/manequim\/cabecas-de-manequins\/\" target=\"_blank\" rel=\"noopener\"> ArtCom Vidros<\/a>, voc\u00ea encontra variedade de modelos com acabamento profissional.<\/p>\n\n\n\n<hr class=\"wp-block-separator has-alpha-channel-opacity\"\/>\n\n\n\n<h2 class=\"wp-block-heading\"><strong>Como usar cabe\u00e7a manequim para vender mais<\/strong><\/h2>\n\n\n\n<p>Um<a href=\"https:\/\/artcomvidros.com.br\/manequim\/cabecas-de-manequins\/\" target=\"_blank\" rel=\"noopener\"> <strong>cabe\u00e7a manequim<\/strong><\/a> bem utilizado pode transformar a vitrine em uma ferramenta de vendas poderosa. Dicas para potencializar resultados:<\/p>\n\n\n\n<ul class=\"wp-block-list\">\n<li><strong>Monte looks completos<\/strong>: chap\u00e9u, \u00f3culos, brincos e colares juntos.<\/li>\n\n\n\n<li><strong>Crie \u00e1reas tem\u00e1ticas<\/strong>: festas, praia, inverno.<\/li>\n\n\n\n<li><strong>Use ilumina\u00e7\u00e3o direcionada<\/strong>: destaque detalhes e cores.<\/li>\n\n\n\n<li><strong>Troque vitrines regularmente<\/strong>: gere novidade e curiosidade.<\/li>\n\n\n\n<li><strong>Combine estilos<\/strong>: use cabe\u00e7as realistas e minimalistas para diferentes cole\u00e7\u00f5es.<\/li>\n<\/ul>\n\n\n\n<p>Essas estrat\u00e9gias tornam a experi\u00eancia do cliente mais envolvente e aumentam as vendas por impulso.<\/p>\n\n\n\n<hr class=\"wp-block-separator has-alpha-channel-opacity\"\/>\n\n\n\n<h2 class=\"wp-block-heading\"><strong>Cabe\u00e7a manequim como parte do branding da loja<\/strong><\/h2>\n\n\n\n<p>A<a href=\"https:\/\/artcomvidros.com.br\/manequim\/cabecas-de-manequins\/\" target=\"_blank\" rel=\"noopener\"> <strong>cabe\u00e7a manequim<\/strong><\/a> n\u00e3o \u00e9 apenas funcional \u2014 ela comunica a ess\u00eancia da marca.<\/p>\n\n\n\n<p>Lojas premium podem investir em modelos realistas com acabamento refinado. J\u00e1 marcas descoladas podem escolher cabe\u00e7as coloridas ou conceituais. O importante \u00e9 manter coer\u00eancia com o p\u00fablico-alvo.<\/p>\n\n\n\n<p>Esse cuidado mostra ao cliente que cada detalhe \u00e9 pensado, refor\u00e7ando a percep\u00e7\u00e3o de valor.<\/p>\n\n\n\n<hr class=\"wp-block-separator has-alpha-channel-opacity\"\/>\n\n\n\n<h2 class=\"wp-block-heading\"><strong>Cuidados e manuten\u00e7\u00e3o<\/strong><\/h2>\n\n\n\n<p>Para manter sua<a href=\"https:\/\/artcomvidros.com.br\/manequim\/cabecas-de-manequins\/\" target=\"_blank\" rel=\"noopener\"> <strong>cabe\u00e7a manequim<\/strong><\/a> sempre bonita e funcional:<\/p>\n\n\n\n<ul class=\"wp-block-list\">\n<li>Limpe com pano \u00famido e detergente neutro.<\/li>\n\n\n\n<li>Evite quedas ou impactos fortes.<\/li>\n\n\n\n<li>Armazene em local seco e protegido.<\/li>\n\n\n\n<li>Verifique bases e suportes para garantir estabilidade.<\/li>\n<\/ul>\n\n\n\n<p>Os modelos da ArtCom Vidros s\u00e3o feitos com materiais resistentes, ideais para uso intenso no varejo.<\/p>\n\n\n\n<hr class=\"wp-block-separator has-alpha-channel-opacity\"\/>\n\n\n\n<h2 class=\"wp-block-heading\"><strong>Onde comprar cabe\u00e7a manequim com qualidade garantida<\/strong><\/h2>\n\n\n\n<p>Quer transformar sua vitrine com uma<a href=\"https:\/\/artcomvidros.com.br\/manequim\/cabecas-de-manequins\/\" target=\"_blank\" rel=\"noopener\"> <strong>cabe\u00e7a manequim<\/strong><\/a> bonita, resistente e funcional? A ArtCom Vidros \u00e9 a escolha certa.<\/p>\n\n\n\n<p>A marca oferece:<\/p>\n\n\n\n<ul class=\"wp-block-list\">\n<li>Modelos variados para diferentes necessidades.<\/li>\n\n\n\n<li>Materiais de alta qualidade e acabamento profissional.<\/li>\n\n\n\n<li>Atendimento t\u00e9cnico especializado.<\/li>\n\n\n\n<li>Entrega para todo o Brasil.<\/li>\n<\/ul>\n\n\n\n<p>Invista em cabe\u00e7as manequim que valorizam seus acess\u00f3rios e encantam seus clientes.<\/p>\n\n\n\n<hr class=\"wp-block-separator has-alpha-channel-opacity\"\/>\n\n\n\n<h2 class=\"wp-block-heading\"><strong>Conclus\u00e3o: cabe\u00e7a manequim \u00e9 estrat\u00e9gia de venda<\/strong><\/h2>\n\n\n\n<p>A<a href=\"https:\/\/artcomvidros.com.br\/manequim\/cabecas-de-manequins\/\" target=\"_blank\" rel=\"noopener\"> <strong>cabe\u00e7a manequim<\/strong><\/a> vai muito al\u00e9m de um detalhe decorativo. Ela organiza, valoriza acess\u00f3rios, facilita combina\u00e7\u00f5es e fortalece o branding.<\/p>\n\n\n\n<p>Em um mercado competitivo, cada detalhe conta. Escolher cabe\u00e7as manequim de qualidade \u00e9 garantir mais vendas, fideliza\u00e7\u00e3o e uma experi\u00eancia de compra inesquec\u00edvel.<\/p>\n\n\n\n<p>Transforme sua loja com ArtCom Vidros e leve sua vitrine para outro n\u00edvel.<\/p>\n\n\n\n<hr class=\"wp-block-separator has-alpha-channel-opacity\"\/>\n\n\n\n<h2 class=\"wp-block-heading\"><strong>Leitura complementar<\/strong><\/h2>\n\n\n\n<ul class=\"wp-block-list\">\n<li><a href=\"https:\/\/pt.wikipedia.org\/wiki\/Merchandising\" target=\"_blank\" rel=\"noopener\">Wikipedia \u2013 Merchandising visual<\/a><\/li>\n\n\n\n<li><a href=\"https:\/\/sebrae.com.br\" target=\"_blank\" rel=\"noopener\">Sebrae \u2013 Como organizar sua loja para vender mais<\/a><\/li>\n\n\n\n<li><a href=\"https:\/\/endeavor.org.br\" target=\"_blank\" rel=\"noopener\">Endeavor \u2013 A experi\u00eancia do consumidor no varejo f\u00edsico<\/a><\/li>\n<\/ul>\n\n\n\n<hr class=\"wp-block-separator has-alpha-channel-opacity\"\/>\n\n\n\n<p><strong>Todos os direitos reservados \u00e0<\/strong><a href=\"https:\/\/artcomvidros.com.br\/\" target=\"_blank\" rel=\"noopener\"><strong> <\/strong><strong>ArtCom Vidros<\/strong><\/a>.<\/p>\n","protected":false},"excerpt":{"rendered":"<p>Em uma loja de moda, cada detalhe na apresenta\u00e7\u00e3o dos produtos influencia na decis\u00e3o de compra do cliente. A cabe\u00e7a manequim \u00e9 um desses elementos que, apesar de simples, tem um impacto enorme na forma como acess\u00f3rios s\u00e3o exibidos. Investir em cabe\u00e7a manequim significa valorizar chap\u00e9us, bon\u00e9s, perucas, joias e \u00f3culos, criando vitrines mais completas [&hellip;]<\/p>\n","protected":false},"author":1,"featured_media":94,"comment_status":"open","ping_status":"open","sticky":false,"template":"","format":"standard","meta":{"footnotes":""},"categories":[3],"tags":[],"class_list":["post-93","post","type-post","status-publish","format-standard","has-post-thumbnail","hentry","category-news"],"_links":{"self":[{"href":"https:\/\/radiodelsol.es\/index.php?rest_route=\/wp\/v2\/posts\/93","targetHints":{"allow":["GET"]}}],"collection":[{"href":"https:\/\/radiodelsol.es\/index.php?rest_route=\/wp\/v2\/posts"}],"about":[{"href":"https:\/\/radiodelsol.es\/index.php?rest_route=\/wp\/v2\/types\/post"}],"author":[{"embeddable":true,"href":"https:\/\/radiodelsol.es\/index.php?rest_route=\/wp\/v2\/users\/1"}],"replies":[{"embeddable":true,"href":"https:\/\/radiodelsol.es\/index.php?rest_route=%2Fwp%2Fv2%2Fcomments&post=93"}],"version-history":[{"count":1,"href":"https:\/\/radiodelsol.es\/index.php?rest_route=\/wp\/v2\/posts\/93\/revisions"}],"predecessor-version":[{"id":95,"href":"https:\/\/radiodelsol.es\/index.php?rest_route=\/wp\/v2\/posts\/93\/revisions\/95"}],"wp:featuredmedia":[{"embeddable":true,"href":"https:\/\/radiodelsol.es\/index.php?rest_route=\/wp\/v2\/media\/94"}],"wp:attachment":[{"href":"https:\/\/radiodelsol.es\/index.php?rest_route=%2Fwp%2Fv2%2Fmedia&parent=93"}],"wp:term":[{"taxonomy":"category","embeddable":true,"href":"https:\/\/radiodelsol.es\/index.php?rest_route=%2Fwp%2Fv2%2Fcategories&post=93"},{"taxonomy":"post_tag","embeddable":true,"href":"https:\/\/radiodelsol.es\/index.php?rest_route=%2Fwp%2Fv2%2Ftags&post=93"}],"curies":[{"name":"wp","href":"https:\/\/api.w.org\/{rel}","templated":true}]}}