{"id":90,"date":"2025-07-09T20:30:44","date_gmt":"2025-07-09T20:30:44","guid":{"rendered":"https:\/\/radiodelsol.es\/?p=90"},"modified":"2025-07-11T20:33:32","modified_gmt":"2025-07-11T20:33:32","slug":"balcao-de-madeira-para-loja-funcionalidade-design-e-estrategia-de-vendas","status":"publish","type":"post","link":"https:\/\/radiodelsol.es\/?p=90","title":{"rendered":"Balc\u00e3o de madeira para loja: funcionalidade, design e estrat\u00e9gia de vendas"},"content":{"rendered":"\n<p>Em qualquer ponto de venda, o <a href=\"https:\/\/artcomvidros.com.br\/balcao-de-atendimento-de-madeira-curvo\/\" target=\"_blank\" rel=\"noopener\"><strong>balc\u00e3o de madeira para loja<\/strong><\/a> \u00e9 muito mais do que um m\u00f3vel. Ele \u00e9 o ponto central de atendimento, onde o cliente finaliza a compra, esclarece d\u00favidas e sente seguran\u00e7a na experi\u00eancia de compra.<\/p>\n\n\n\n<p>Investir em <strong>balc\u00e3o de madeira para loja<\/strong> \u00e9 investir em organiza\u00e7\u00e3o, est\u00e9tica e profissionalismo. Vamos entender as vantagens, os tipos e onde encontrar qualidade garantida como na<a href=\"https:\/\/artcomvidros.com.br\/\" target=\"_blank\" rel=\"noopener\"> ArtCom Vidros<\/a>.<\/p>\n\n\n\n<hr class=\"wp-block-separator has-alpha-channel-opacity\"\/>\n\n\n\n<h2 class=\"wp-block-heading\"><strong>O que \u00e9 balc\u00e3o de madeira para loja?<\/strong><\/h2>\n\n\n\n<p>Um<a href=\"https:\/\/artcomvidros.com.br\/balcao-de-atendimento-de-madeira-curvo\/\" target=\"_blank\" rel=\"noopener\"> <strong>balc\u00e3o de madeira para loja<\/strong><\/a> \u00e9 um m\u00f3vel projetado para recep\u00e7\u00e3o e atendimento ao cliente, feito em madeira de qualidade e com design diferenciado. Ele cria um ponto focal elegante e funcional no ambiente.<\/p>\n\n\n\n<p>Al\u00e9m de delimitar o espa\u00e7o de atendimento, o balc\u00e3o ajuda na organiza\u00e7\u00e3o e torna o fluxo de trabalho mais eficiente.<\/p>\n\n\n\n<hr class=\"wp-block-separator has-alpha-channel-opacity\"\/>\n\n\n\n<h2 class=\"wp-block-heading\"><strong>Vantagens do balc\u00e3o de madeira para loja<\/strong><\/h2>\n\n\n\n<p>Usar um<a href=\"https:\/\/artcomvidros.com.br\/balcao-de-atendimento-de-madeira-curvo\/\" target=\"_blank\" rel=\"noopener\"> <strong>balc\u00e3o de madeira para loja<\/strong><\/a> oferece in\u00fameros benef\u00edcios:<\/p>\n\n\n\n<ul class=\"wp-block-list\">\n<li><strong>Organiza\u00e7\u00e3o do ambiente<\/strong>: define a \u00e1rea de caixa e atendimento.<\/li>\n\n\n\n<li><strong>Apoio para opera\u00e7\u00f5es<\/strong>: facilita o registro de vendas e o empacotamento.<\/li>\n\n\n\n<li><strong>Est\u00e9tica sofisticada<\/strong>: a madeira traz um toque acolhedor e elegante.<\/li>\n\n\n\n<li><strong>Durabilidade<\/strong>: feito para resistir ao uso di\u00e1rio.<\/li>\n\n\n\n<li><strong>Fortalecimento do branding<\/strong>: refor\u00e7a a identidade visual da loja.<\/li>\n<\/ul>\n\n\n\n<p>Essas caracter\u00edsticas fazem do balc\u00e3o uma pe\u00e7a-chave para quem busca vender mais e atender melhor.<\/p>\n\n\n\n<hr class=\"wp-block-separator has-alpha-channel-opacity\"\/>\n\n\n\n<h2 class=\"wp-block-heading\"><strong>Tipos de balc\u00e3o de madeira para loja<\/strong><\/h2>\n\n\n\n<p>H\u00e1 v\u00e1rios modelos de<a href=\"https:\/\/artcomvidros.com.br\/balcao-de-atendimento-de-madeira-curvo\/\" target=\"_blank\" rel=\"noopener\"> <strong>balc\u00e3o de madeira para loja<\/strong><\/a> dispon\u00edveis para atender diferentes demandas:<\/p>\n\n\n\n<ul class=\"wp-block-list\">\n<li><strong>Retos ou curvos<\/strong>: adapt\u00e1veis ao layout da loja.<\/li>\n\n\n\n<li><strong>Com prateleiras internas<\/strong>: organiza materiais de apoio.<\/li>\n\n\n\n<li><strong>Com vitrine frontal<\/strong>: destaca produtos em promo\u00e7\u00e3o.<\/li>\n\n\n\n<li><strong>Personaliz\u00e1veis<\/strong>: op\u00e7\u00f5es sob medida para o estilo da marca.<\/li>\n\n\n\n<li><strong>Com espa\u00e7o para caixa registradora ou computador<\/strong>: otimiza opera\u00e7\u00f5es.<\/li>\n<\/ul>\n\n\n\n<p>A ArtCom Vidros oferece modelos robustos, elegantes e ideais para o dia a dia do com\u00e9rcio.<\/p>\n\n\n\n<hr class=\"wp-block-separator has-alpha-channel-opacity\"\/>\n\n\n\n<h2 class=\"wp-block-heading\"><strong>Como usar balc\u00e3o de madeira para loja para vender mais<\/strong><\/h2>\n\n\n\n<p>Um<a href=\"https:\/\/artcomvidros.com.br\/balcao-de-atendimento-de-madeira-curvo\/\" target=\"_blank\" rel=\"noopener\"> <strong>balc\u00e3o de madeira para loja<\/strong><\/a> bem escolhido vai al\u00e9m do b\u00e1sico \u2014 ele \u00e9 uma ferramenta estrat\u00e9gica para vendas:<\/p>\n\n\n\n<ul class=\"wp-block-list\">\n<li><strong>Crie um ponto focal agrad\u00e1vel<\/strong>: incentive a aproxima\u00e7\u00e3o do cliente.<\/li>\n\n\n\n<li><strong>Organize embalagens e acess\u00f3rios<\/strong>: otimize o atendimento.<\/li>\n\n\n\n<li><strong>Use vitrines ou displays no balc\u00e3o<\/strong>: destaque produtos complementares.<\/li>\n\n\n\n<li><strong>Mantenha o balc\u00e3o sempre limpo e organizado<\/strong>: transmite cuidado.<\/li>\n\n\n\n<li><strong>Personalize com a marca<\/strong>: cores, logos ou acabamentos especiais.<\/li>\n<\/ul>\n\n\n\n<p>Essas estrat\u00e9gias aumentam a confian\u00e7a do consumidor e facilitam o fechamento da venda.<\/p>\n\n\n\n<hr class=\"wp-block-separator has-alpha-channel-opacity\"\/>\n\n\n\n<h2 class=\"wp-block-heading\"><strong>Balc\u00e3o de madeira para loja como parte do branding<\/strong><\/h2>\n\n\n\n<p>O<a href=\"https:\/\/artcomvidros.com.br\/balcao-de-atendimento-de-madeira-curvo\/\" target=\"_blank\" rel=\"noopener\"> <strong>balc\u00e3o de madeira para loja<\/strong><\/a> n\u00e3o \u00e9 apenas funcional \u2014 ele comunica os valores da marca.<\/p>\n\n\n\n<p>Uma loja premium pode escolher madeira escura com linhas minimalistas para refor\u00e7ar a sofistica\u00e7\u00e3o. Marcas jovens podem apostar em cores vivas ou designs diferenciados para transmitir personalidade.<\/p>\n\n\n\n<p>Escolher um balc\u00e3o bonito e funcional mostra aten\u00e7\u00e3o ao detalhe e refor\u00e7a a identidade visual da loja.<\/p>\n\n\n\n<hr class=\"wp-block-separator has-alpha-channel-opacity\"\/>\n\n\n\n<h2 class=\"wp-block-heading\"><strong>Cuidados e manuten\u00e7\u00e3o<\/strong><\/h2>\n\n\n\n<p>Para manter seu<a href=\"https:\/\/artcomvidros.com.br\/balcao-de-atendimento-de-madeira-curvo\/\" target=\"_blank\" rel=\"noopener\"> <strong>balc\u00e3o de madeira para loja<\/strong><\/a> sempre em \u00f3timo estado:<\/p>\n\n\n\n<ul class=\"wp-block-list\">\n<li>Limpe com pano \u00famido e detergente neutro.<\/li>\n\n\n\n<li>Evite contato prolongado com \u00e1gua.<\/li>\n\n\n\n<li>Use protetores para evitar riscos.<\/li>\n\n\n\n<li>Verifique ferragens e prateleiras regularmente.<\/li>\n<\/ul>\n\n\n\n<p>Os modelos da ArtCom Vidros s\u00e3o feitos para uso intenso, com materiais de alta qualidade.<\/p>\n\n\n\n<hr class=\"wp-block-separator has-alpha-channel-opacity\"\/>\n\n\n\n<h2 class=\"wp-block-heading\"><strong>Onde comprar balc\u00e3o de madeira para loja com qualidade garantida<\/strong><\/h2>\n\n\n\n<p>Quer transformar sua loja com um<a href=\"https:\/\/artcomvidros.com.br\/balcao-de-atendimento-de-madeira-curvo\/\" target=\"_blank\" rel=\"noopener\"> <strong>balc\u00e3o de madeira para loja<\/strong><\/a> elegante, resistente e funcional? A ArtCom Vidros \u00e9 a escolha ideal.<\/p>\n\n\n\n<p>A marca oferece:<\/p>\n\n\n\n<ul class=\"wp-block-list\">\n<li>Modelos variados para diferentes necessidades.<\/li>\n\n\n\n<li>Materiais de alta qualidade e design profissional.<\/li>\n\n\n\n<li>Atendimento t\u00e9cnico especializado para orientar na escolha.<\/li>\n\n\n\n<li>Entrega para todo o Brasil.<\/li>\n<\/ul>\n\n\n\n<p>Invista em m\u00f3veis que encantam os clientes e refor\u00e7am a sua marca.<\/p>\n\n\n\n<hr class=\"wp-block-separator has-alpha-channel-opacity\"\/>\n\n\n\n<h2 class=\"wp-block-heading\"><strong>Conclus\u00e3o: balc\u00e3o de madeira para loja \u00e9 estrat\u00e9gia de venda<\/strong><\/h2>\n\n\n\n<p>Um<a href=\"https:\/\/artcomvidros.com.br\/balcao-de-atendimento-de-madeira-curvo\/\" target=\"_blank\" rel=\"noopener\"> <strong>balc\u00e3o de madeira para loja<\/strong><\/a> vai muito al\u00e9m de um m\u00f3vel de apoio. Ele organiza, valoriza o atendimento e fortalece o branding.<\/p>\n\n\n\n<p>Em um mercado competitivo, cada detalhe importa. Investir em balc\u00f5es de qualidade \u00e9 garantir mais vendas, fideliza\u00e7\u00e3o e uma experi\u00eancia de compra diferenciada.<\/p>\n\n\n\n<p>Transforme sua loja com ArtCom Vidros e eleve o padr\u00e3o do seu atendimento.<\/p>\n\n\n\n<hr class=\"wp-block-separator has-alpha-channel-opacity\"\/>\n\n\n\n<h2 class=\"wp-block-heading\"><strong>Leitura complementar<\/strong><\/h2>\n\n\n\n<ul class=\"wp-block-list\">\n<li><a href=\"https:\/\/pt.wikipedia.org\/wiki\/Merchandising\" target=\"_blank\" rel=\"noopener\">Wikipedia \u2013 Merchandising visual<\/a><\/li>\n\n\n\n<li><a href=\"https:\/\/sebrae.com.br\" target=\"_blank\" rel=\"noopener\">Sebrae \u2013 Como organizar sua loja para vender mais<\/a><\/li>\n\n\n\n<li><a href=\"https:\/\/endeavor.org.br\" target=\"_blank\" rel=\"noopener\">Endeavor \u2013 A experi\u00eancia do consumidor no varejo f\u00edsico<\/a><\/li>\n<\/ul>\n\n\n\n<hr class=\"wp-block-separator has-alpha-channel-opacity\"\/>\n\n\n\n<p><strong>Todos os direitos reservados \u00e0<\/strong><a href=\"https:\/\/artcomvidros.com.br\/\" target=\"_blank\" rel=\"noopener\"><strong> <\/strong><strong>ArtCom Vidros<\/strong><\/a>.<\/p>\n","protected":false},"excerpt":{"rendered":"<p>Em qualquer ponto de venda, o balc\u00e3o de madeira para loja \u00e9 muito mais do que um m\u00f3vel. Ele \u00e9 o ponto central de atendimento, onde o cliente finaliza a compra, esclarece d\u00favidas e sente seguran\u00e7a na experi\u00eancia de compra. Investir em balc\u00e3o de madeira para loja \u00e9 investir em organiza\u00e7\u00e3o, est\u00e9tica e profissionalismo. Vamos [&hellip;]<\/p>\n","protected":false},"author":1,"featured_media":91,"comment_status":"open","ping_status":"open","sticky":false,"template":"","format":"standard","meta":{"footnotes":""},"categories":[3],"tags":[],"class_list":["post-90","post","type-post","status-publish","format-standard","has-post-thumbnail","hentry","category-news"],"_links":{"self":[{"href":"https:\/\/radiodelsol.es\/index.php?rest_route=\/wp\/v2\/posts\/90","targetHints":{"allow":["GET"]}}],"collection":[{"href":"https:\/\/radiodelsol.es\/index.php?rest_route=\/wp\/v2\/posts"}],"about":[{"href":"https:\/\/radiodelsol.es\/index.php?rest_route=\/wp\/v2\/types\/post"}],"author":[{"embeddable":true,"href":"https:\/\/radiodelsol.es\/index.php?rest_route=\/wp\/v2\/users\/1"}],"replies":[{"embeddable":true,"href":"https:\/\/radiodelsol.es\/index.php?rest_route=%2Fwp%2Fv2%2Fcomments&post=90"}],"version-history":[{"count":1,"href":"https:\/\/radiodelsol.es\/index.php?rest_route=\/wp\/v2\/posts\/90\/revisions"}],"predecessor-version":[{"id":92,"href":"https:\/\/radiodelsol.es\/index.php?rest_route=\/wp\/v2\/posts\/90\/revisions\/92"}],"wp:featuredmedia":[{"embeddable":true,"href":"https:\/\/radiodelsol.es\/index.php?rest_route=\/wp\/v2\/media\/91"}],"wp:attachment":[{"href":"https:\/\/radiodelsol.es\/index.php?rest_route=%2Fwp%2Fv2%2Fmedia&parent=90"}],"wp:term":[{"taxonomy":"category","embeddable":true,"href":"https:\/\/radiodelsol.es\/index.php?rest_route=%2Fwp%2Fv2%2Fcategories&post=90"},{"taxonomy":"post_tag","embeddable":true,"href":"https:\/\/radiodelsol.es\/index.php?rest_route=%2Fwp%2Fv2%2Ftags&post=90"}],"curies":[{"name":"wp","href":"https:\/\/api.w.org\/{rel}","templated":true}]}}