{"id":77,"date":"2025-06-03T14:28:38","date_gmt":"2025-06-03T14:28:38","guid":{"rendered":"https:\/\/radiodelsol.es\/?p=77"},"modified":"2025-06-26T14:38:02","modified_gmt":"2025-06-26T14:38:02","slug":"qual-e-o-melhor-acido-clareador-guia-atualizado-para-uma-pele-uniforme-e-saudavel","status":"publish","type":"post","link":"https:\/\/radiodelsol.es\/?p=77","title":{"rendered":"Qual \u00e9 o melhor \u00e1cido clareador? Guia Atualizado para uma Pele Uniforme e Saud\u00e1vel"},"content":{"rendered":"\n<h2 class=\"wp-block-heading\"><strong>A busca pela uniformiza\u00e7\u00e3o da pele<\/strong><\/h2>\n\n\n\n<p>Ana sempre se preocupou com as manchas que surgiram em seu rosto ap\u00f3s a gesta\u00e7\u00e3o. Como muitas mulheres, tentou in\u00fameros cosm\u00e9ticos, mas nenhum parecia trazer os resultados esperados. Foi em uma consulta dermatol\u00f3gica que ouviu pela primeira vez o termo<a href=\"https:\/\/clinicaleilanecatricala.com.br\/blog\/209\/melhores-acidos-clareadores-guia-completo-para-uma-pele-uniforme-e-radiante\" target=\"_blank\" rel=\"noopener\"> <strong>melhor \u00e1cido clareador<\/strong><\/a> \u2014 e foi a\u00ed que tudo come\u00e7ou.<\/p>\n\n\n\n<p>Neste guia completo, voc\u00ea vai entender o que \u00e9 um \u00e1cido clareador, como ele age na pele, quais s\u00e3o os tipos mais eficazes e, claro, como escolher <strong>o melhor \u00e1cido clareador<\/strong> para a sua necessidade.<\/p>\n\n\n\n<hr class=\"wp-block-separator has-alpha-channel-opacity\"\/>\n\n\n\n<h2 class=\"wp-block-heading\"><strong>O que s\u00e3o \u00e1cidos clareadores e como atuam na pele?<\/strong><\/h2>\n\n\n\n<p>\u00c1cidos clareadores s\u00e3o subst\u00e2ncias qu\u00edmicas usadas na dermatologia e na est\u00e9tica com a fun\u00e7\u00e3o de <strong>clarear manchas, uniformizar o tom da pele<\/strong> e promover renova\u00e7\u00e3o celular. Eles agem principalmente inibindo a produ\u00e7\u00e3o de melanina \u2014 o pigmento respons\u00e1vel pelas manchas escuras.<\/p>\n\n\n\n<p>Segundo a<a href=\"https:\/\/pt.wikipedia.org\/wiki\/Hidroquinona\" target=\"_blank\" rel=\"noopener\"> Wikipedia<\/a>, um dos mais conhecidos \u00e1cidos clareadores \u00e9 a hidroquinona, mas ela n\u00e3o \u00e9 a \u00fanica. Outros ativos como <strong>\u00e1cido glic\u00f3lico, \u00e1cido k\u00f3jico e \u00e1cido tranex\u00e2mico<\/strong> v\u00eam se destacando como alternativas seguras e eficazes.<\/p>\n\n\n\n<hr class=\"wp-block-separator has-alpha-channel-opacity\"\/>\n\n\n\n<h2 class=\"wp-block-heading\"><strong>Os principais tipos de \u00e1cidos clareadores do mercado<\/strong><\/h2>\n\n\n\n<p>A seguir, veja os ativos mais usados atualmente nos tratamentos dermatol\u00f3gicos e descubra qual \u00e9 o<a href=\"https:\/\/clinicaleilanecatricala.com.br\/blog\/209\/melhores-acidos-clareadores-guia-completo-para-uma-pele-uniforme-e-radiante\" target=\"_blank\" rel=\"noopener\"> <strong>melhor \u00e1cido clareador<\/strong><\/a> para cada tipo de pele:<\/p>\n\n\n\n<h3 class=\"wp-block-heading\"><strong>1. \u00c1cido Glic\u00f3lico<\/strong><\/h3>\n\n\n\n<p>Extra\u00eddo da cana-de-a\u00e7\u00facar, \u00e9 um dos \u00e1cidos mais usados para <strong>esfoliar suavemente a pele<\/strong>. Estimula a renova\u00e7\u00e3o celular e ajuda na penetra\u00e7\u00e3o de outros ativos. Ideal para peles oleosas ou acneicas.<\/p>\n\n\n\n<h3 class=\"wp-block-heading\"><strong>2. \u00c1cido K\u00f3jico<\/strong><\/h3>\n\n\n\n<p>Derivado de fungos, tem <strong>a\u00e7\u00e3o clareadora leve e progressiva<\/strong>. \u00c9 indicado para peles sens\u00edveis, j\u00e1 que apresenta menor potencial de irrita\u00e7\u00e3o.<\/p>\n\n\n\n<h3 class=\"wp-block-heading\"><strong>3. \u00c1cido Tranex\u00e2mico<\/strong><\/h3>\n\n\n\n<p>Bastante promissor no tratamento do melasma, <strong>atua diretamente na inflama\u00e7\u00e3o da pele<\/strong> e inibe a a\u00e7\u00e3o dos melan\u00f3citos. Muito usado em peelings e s\u00e9runs de uso t\u00f3pico.<\/p>\n\n\n\n<h3 class=\"wp-block-heading\"><strong>4. \u00c1cido Mand\u00e9lico<\/strong><\/h3>\n\n\n\n<p>Extra\u00eddo de am\u00eandoas, \u00e9 menos irritante e ideal para peles com <strong>ros\u00e1cea ou manchas p\u00f3s-inflamat\u00f3rias<\/strong>. Traz bons resultados no uso prolongado.<\/p>\n\n\n\n<h3 class=\"wp-block-heading\"><strong>5. Retinol (Derivado da Vitamina A)<\/strong><\/h3>\n\n\n\n<p>Possui <strong>efeito rejuvenescedor e despigmentante<\/strong>. Estimula a produ\u00e7\u00e3o de col\u00e1geno e renova a epiderme.<\/p>\n\n\n\n<hr class=\"wp-block-separator has-alpha-channel-opacity\"\/>\n\n\n\n<h2 class=\"wp-block-heading\"><strong>Qual o melhor \u00e1cido clareador para o seu tipo de mancha?<\/strong><\/h2>\n\n\n\n<p>Nem toda mancha \u00e9 igual \u2014 e por isso a escolha do \u00e1cido ideal deve considerar o diagn\u00f3stico dermatol\u00f3gico. Veja as indica\u00e7\u00f5es mais comuns:<\/p>\n\n\n\n<ul class=\"wp-block-list\">\n<li><strong>Melasma profundo:<\/strong> \u00c1cido tranex\u00e2mico + retinol<br><\/li>\n\n\n\n<li><strong>Manchas de acne:<\/strong> \u00c1cido salic\u00edlico + glic\u00f3lico<br><\/li>\n\n\n\n<li><strong>Hiperpigmenta\u00e7\u00e3o p\u00f3s-inflamat\u00f3ria:<\/strong> \u00c1cido mand\u00e9lico<br><\/li>\n\n\n\n<li><strong>Manchas solares:<\/strong> \u00c1cido k\u00f3jico + vitamina C<br><\/li>\n\n\n\n<li><strong>Manchas hormonais:<\/strong> Combina\u00e7\u00e3o de \u00e1cidos + filtro solar oral<br><\/li>\n<\/ul>\n\n\n\n<p>Quer entender melhor qual \u00e9 o<a href=\"https:\/\/clinicaleilanecatricala.com.br\/blog\/209\/melhores-acidos-clareadores-guia-completo-para-uma-pele-uniforme-e-radiante\" target=\"_blank\" rel=\"noopener\"> <strong>melhor \u00e1cido clareador<\/strong><\/a> para voc\u00ea? Acesse o guia da Cl\u00ednica Leilane Catricala e veja protocolos personalizados com os ativos mais indicados.<\/p>\n\n\n\n<hr class=\"wp-block-separator has-alpha-channel-opacity\"\/>\n\n\n\n<h2 class=\"wp-block-heading\"><strong>Clareador + fotoprote\u00e7\u00e3o: combina\u00e7\u00e3o essencial<\/strong><\/h2>\n\n\n\n<p>Para que qualquer tratamento com \u00e1cidos clareadores funcione, <strong>o uso di\u00e1rio de protetor solar \u00e9 indispens\u00e1vel<\/strong>. Inclusive, muitos dermatologistas recomendam o uso de protetores via oral associados \u00e0 fotoprote\u00e7\u00e3o t\u00f3pica.<\/p>\n\n\n\n<p>A exposi\u00e7\u00e3o solar sem prote\u00e7\u00e3o pode piorar o quadro de hiperpigmenta\u00e7\u00e3o e anular os efeitos de qualquer<a href=\"https:\/\/clinicaleilanecatricala.com.br\/blog\/209\/melhores-acidos-clareadores-guia-completo-para-uma-pele-uniforme-e-radiante\" target=\"_blank\" rel=\"noopener\"> <strong>melhor \u00e1cido clareador<\/strong><\/a>, por mais potente que ele seja.<\/p>\n\n\n\n<hr class=\"wp-block-separator has-alpha-channel-opacity\"\/>\n\n\n\n<h2 class=\"wp-block-heading\"><strong>Como usar o melhor \u00e1cido clareador com seguran\u00e7a?<\/strong><\/h2>\n\n\n\n<ul class=\"wp-block-list\">\n<li><strong>Comece com concentra\u00e7\u00f5es mais baixas<\/strong><strong><br><\/strong><\/li>\n\n\n\n<li><strong>Fa\u00e7a teste de contato antes do uso<\/strong><strong><br><\/strong><\/li>\n\n\n\n<li><strong>Evite usar com outros produtos abrasivos<\/strong><strong><br><\/strong><\/li>\n\n\n\n<li><strong>Evite sol direto nos primeiros dias<\/strong><strong><br><\/strong><\/li>\n\n\n\n<li><strong>Tenha acompanhamento dermatol\u00f3gico constante<\/strong><strong><br><\/strong><\/li>\n<\/ul>\n\n\n\n<p>Segundo o portal Drauzio Varella, o uso incorreto pode causar irrita\u00e7\u00f5es graves, rebote de manchas e at\u00e9 sensibiliza\u00e7\u00e3o cr\u00f4nica.<\/p>\n\n\n\n<hr class=\"wp-block-separator has-alpha-channel-opacity\"\/>\n\n\n\n<h2 class=\"wp-block-heading\"><strong>Clareadores manipulados ou prontos?<\/strong><\/h2>\n\n\n\n<p>Ambos t\u00eam vantagens. Os manipulados permitem f\u00f3rmulas personalizadas, ideais para quem busca o <strong>melhor \u00e1cido clareador<\/strong> ajustado \u00e0 sua pele. J\u00e1 os industrializados s\u00e3o pr\u00e1ticos e t\u00eam maior estabilidade.<\/p>\n\n\n\n<p>O importante \u00e9 optar por marcas confi\u00e1veis ou farm\u00e1cias de manipula\u00e7\u00e3o reconhecidas, sempre com recomenda\u00e7\u00e3o profissional.<\/p>\n\n\n\n<hr class=\"wp-block-separator has-alpha-channel-opacity\"\/>\n\n\n\n<h2 class=\"wp-block-heading\"><strong>Resultados: quanto tempo at\u00e9 ver a diferen\u00e7a?<\/strong><\/h2>\n\n\n\n<p>Os resultados podem come\u00e7ar a aparecer entre <strong>4 e 12 semanas<\/strong>, conforme o tipo de mancha e disciplina no uso. A associa\u00e7\u00e3o de clareadores com antioxidantes e <strong>fotoprote\u00e7\u00e3o intensiva<\/strong> potencializa os efeitos.<\/p>\n\n\n\n<p>O uso correto do<a href=\"https:\/\/clinicaleilanecatricala.com.br\/blog\/209\/melhores-acidos-clareadores-guia-completo-para-uma-pele-uniforme-e-radiante\" target=\"_blank\" rel=\"noopener\"> melhor \u00e1cido clareador<\/a> \u00e9 essencial para alcan\u00e7ar os melhores resultados sem prejudicar a pele.<\/p>\n\n\n\n<hr class=\"wp-block-separator has-alpha-channel-opacity\"\/>\n\n\n\n<h2 class=\"wp-block-heading\"><strong>O que evitar ao escolher um clareador?<\/strong><\/h2>\n\n\n\n<ul class=\"wp-block-list\">\n<li><strong>Produtos com proced\u00eancia duvidosa<\/strong><strong><br><\/strong><\/li>\n\n\n\n<li><strong>Uso prolongado de hidroquinona sem pausa<\/strong><strong><br><\/strong><\/li>\n\n\n\n<li><strong>Automedica\u00e7\u00e3o com f\u00f3rmulas n\u00e3o indicadas para seu tipo de pele<\/strong><strong><br><\/strong><\/li>\n\n\n\n<li><strong>Exposi\u00e7\u00e3o solar sem prote\u00e7\u00e3o durante o tratamento<\/strong><strong><br><\/strong><\/li>\n<\/ul>\n\n\n\n<p>Segundo a ANVISA, o uso de clareadores deve ser orientado por um profissional para evitar efeitos adversos.<\/p>\n\n\n\n<hr class=\"wp-block-separator has-alpha-channel-opacity\"\/>\n\n\n\n<h2 class=\"wp-block-heading\"><strong>Conclus\u00e3o<\/strong><\/h2>\n\n\n\n<p>N\u00e3o existe um \u00fanico produto que funcione para todos. O <strong>melhor \u00e1cido clareador<\/strong> ser\u00e1 sempre aquele indicado de forma personalizada, respeitando seu hist\u00f3rico, tipo de pele e tipo de mancha.<\/p>\n\n\n\n<p>Consulte um dermatologista, siga a rotina adequada e acompanhe a evolu\u00e7\u00e3o. Clarear a pele com seguran\u00e7a \u00e9 um processo cont\u00ednuo, que exige paci\u00eancia e conhecimento.<\/p>\n\n\n\n<hr class=\"wp-block-separator has-alpha-channel-opacity\"\/>\n\n\n\n<h2 class=\"wp-block-heading\"><strong>Fontes e leituras recomendadas<\/strong><\/h2>\n\n\n\n<ul class=\"wp-block-list\">\n<li><a href=\"https:\/\/pt.wikipedia.org\/wiki\/Hidroquinona\" target=\"_blank\" rel=\"noopener\">Wikipedia \u2013 Hidroquinona<br><\/a><\/li>\n\n\n\n<li>Drauzio Varella \u2013 \u00c1cidos para Clarear a Pele<br><\/li>\n\n\n\n<li>ANVISA \u2013 Cuidados com Clareadores<br><\/li>\n\n\n\n<li><a href=\"https:\/\/clinicaleilanecatricala.com.br\/blog\/209\/melhores-acidos-clareadores-guia-completo-para-uma-pele-uniforme-e-radiante\" target=\"_blank\" rel=\"noopener\">Melhores \u00e1cidos clareadores \u2013 Cl\u00ednica Leilane Catricala<br><\/a><\/li>\n\n\n\n<li>Protetor solar via oral funciona? \u2013 Cl\u00ednica Leilane Catricala<br><\/li>\n<\/ul>\n","protected":false},"excerpt":{"rendered":"<p>A busca pela uniformiza\u00e7\u00e3o da pele Ana sempre se preocupou com as manchas que surgiram em seu rosto ap\u00f3s a gesta\u00e7\u00e3o. Como muitas mulheres, tentou in\u00fameros cosm\u00e9ticos, mas nenhum parecia trazer os resultados esperados. Foi em uma consulta dermatol\u00f3gica que ouviu pela primeira vez o termo melhor \u00e1cido clareador \u2014 e foi a\u00ed que tudo [&hellip;]<\/p>\n","protected":false},"author":1,"featured_media":78,"comment_status":"open","ping_status":"open","sticky":false,"template":"","format":"standard","meta":{"footnotes":""},"categories":[3],"tags":[],"class_list":["post-77","post","type-post","status-publish","format-standard","has-post-thumbnail","hentry","category-news"],"_links":{"self":[{"href":"https:\/\/radiodelsol.es\/index.php?rest_route=\/wp\/v2\/posts\/77","targetHints":{"allow":["GET"]}}],"collection":[{"href":"https:\/\/radiodelsol.es\/index.php?rest_route=\/wp\/v2\/posts"}],"about":[{"href":"https:\/\/radiodelsol.es\/index.php?rest_route=\/wp\/v2\/types\/post"}],"author":[{"embeddable":true,"href":"https:\/\/radiodelsol.es\/index.php?rest_route=\/wp\/v2\/users\/1"}],"replies":[{"embeddable":true,"href":"https:\/\/radiodelsol.es\/index.php?rest_route=%2Fwp%2Fv2%2Fcomments&post=77"}],"version-history":[{"count":1,"href":"https:\/\/radiodelsol.es\/index.php?rest_route=\/wp\/v2\/posts\/77\/revisions"}],"predecessor-version":[{"id":79,"href":"https:\/\/radiodelsol.es\/index.php?rest_route=\/wp\/v2\/posts\/77\/revisions\/79"}],"wp:featuredmedia":[{"embeddable":true,"href":"https:\/\/radiodelsol.es\/index.php?rest_route=\/wp\/v2\/media\/78"}],"wp:attachment":[{"href":"https:\/\/radiodelsol.es\/index.php?rest_route=%2Fwp%2Fv2%2Fmedia&parent=77"}],"wp:term":[{"taxonomy":"category","embeddable":true,"href":"https:\/\/radiodelsol.es\/index.php?rest_route=%2Fwp%2Fv2%2Fcategories&post=77"},{"taxonomy":"post_tag","embeddable":true,"href":"https:\/\/radiodelsol.es\/index.php?rest_route=%2Fwp%2Fv2%2Ftags&post=77"}],"curies":[{"name":"wp","href":"https:\/\/api.w.org\/{rel}","templated":true}]}}