{"id":70,"date":"2025-06-03T14:15:18","date_gmt":"2025-06-03T14:15:18","guid":{"rendered":"https:\/\/radiodelsol.es\/?p=70"},"modified":"2025-06-25T14:24:02","modified_gmt":"2025-06-25T14:24:02","slug":"quadro-cr7-um-icone-do-futebol-na-parede-da-sua-casa","status":"publish","type":"post","link":"https:\/\/radiodelsol.es\/?p=70","title":{"rendered":"Quadro CR7: Um \u00cdcone do Futebol na Parede da Sua Casa"},"content":{"rendered":"\n<p>Cristiano Ronaldo n\u00e3o \u00e9 apenas um jogador \u2014 ele \u00e9 um s\u00edmbolo. Um \u00edcone do desempenho, disciplina, supera\u00e7\u00e3o e protagonismo. E quando se trata de unir design moderno com paix\u00e3o pelo futebol, o <a href=\"https:\/\/neoncustom.com.br\/produtos\/quadro-cr7-e-messi\/\" target=\"_blank\" rel=\"noopener\"><strong>quadro CR7<\/strong><\/a> surge como uma pe\u00e7a que vai al\u00e9m da decora\u00e7\u00e3o: ele \u00e9 express\u00e3o, identidade e inspira\u00e7\u00e3o di\u00e1ria.<\/p>\n\n\n\n<p>Seja para torcedores fan\u00e1ticos, colecionadores de arte esportiva ou entusiastas de um ambiente contempor\u00e2neo com personalidade, o quadro com a imagem de Cristiano Ronaldo transforma qualquer parede comum em um verdadeiro tributo \u00e0 excel\u00eancia. Neste conte\u00fado, vamos mostrar como esse tipo de arte pode valorizar seu espa\u00e7o e sua conex\u00e3o com o esporte mais popular do planeta.<\/p>\n\n\n\n<hr class=\"wp-block-separator has-alpha-channel-opacity\"\/>\n\n\n\n<h2 class=\"wp-block-heading\"><strong>Por Que o Quadro CR7 Se Tornou Tend\u00eancia na Decora\u00e7\u00e3o Moderna<\/strong><\/h2>\n\n\n\n<p>N\u00e3o \u00e9 por acaso que grandes \u00edcones do esporte invadiram o universo da arte e da decora\u00e7\u00e3o nos \u00faltimos anos. O crescimento do design urbano e a ascens\u00e3o do estilo esportivo como linguagem est\u00e9tica colocaram pe\u00e7as como o <a href=\"https:\/\/neoncustom.com.br\/produtos\/quadro-cr7-e-messi\/\" target=\"_blank\" rel=\"noopener\"><strong>quadro CR7<\/strong><\/a> entre os itens mais desejados por quem quer expressar seu lifestyle.<\/p>\n\n\n\n<p>Cristiano Ronaldo representa muito mais do que gols e t\u00edtulos. Ele \u00e9 s\u00edmbolo de foco, performance, eleg\u00e2ncia e uma mentalidade vencedora \u2014 atributos que dialogam com ambientes sofisticados, masculinos, modernos e tamb\u00e9m juvenis. Ter sua imagem em destaque em casa ou no escrit\u00f3rio comunica imediatamente quem voc\u00ea \u00e9 ou quem deseja se tornar.<\/p>\n\n\n\n<p>E com modelos exclusivos como os da<a href=\"https:\/\/neoncustom.com.br\/produtos\/quadro-cr7-e-messi\/\" target=\"_blank\" rel=\"noopener\"> <strong>quadro CR7<\/strong><\/a> da Neon Custom, o impacto visual \u00e9 garantido com acabamento premium e design autoral.<\/p>\n\n\n\n<hr class=\"wp-block-separator has-alpha-channel-opacity\"\/>\n\n\n\n<h2 class=\"wp-block-heading\"><strong>Onde Usar o Quadro CR7: Dicas Para Compor Seu Espa\u00e7o<\/strong><\/h2>\n\n\n\n<p>Esse tipo de arte pode ser utilizado em diferentes ambientes, desde que se tenha equil\u00edbrio est\u00e9tico e bom senso na composi\u00e7\u00e3o.<\/p>\n\n\n\n<ul class=\"wp-block-list\">\n<li><strong>Home office<\/strong>: fonte de inspira\u00e7\u00e3o e foco em performance.<br><\/li>\n\n\n\n<li><strong>Sala de estar<\/strong>: ponto focal moderno para impressionar visitas.<br><\/li>\n\n\n\n<li><strong>Quarto masculino ou gamer<\/strong>: fortalece o ambiente com um visual urbano e motivacional.<br><\/li>\n\n\n\n<li><strong>Academias e est\u00fadios<\/strong>: ideal para refor\u00e7ar o mindset de disciplina e treino.<br><\/li>\n\n\n\n<li><strong>Ambientes comerciais<\/strong>: como barbearias, lojas esportivas e caf\u00e9s tem\u00e1ticos.<br><\/li>\n<\/ul>\n\n\n\n<p>A escolha de um<a href=\"https:\/\/neoncustom.com.br\/produtos\/quadro-cr7-e-messi\/\" target=\"_blank\" rel=\"noopener\"> <strong>quadro CR7<\/strong><\/a> com acabamento profissional transmite sofistica\u00e7\u00e3o. Al\u00e9m disso, a combina\u00e7\u00e3o com ilumina\u00e7\u00e3o indireta ou neon destaca ainda mais a pe\u00e7a e transforma o c\u00f4modo em uma galeria personalizada.<\/p>\n\n\n\n<hr class=\"wp-block-separator has-alpha-channel-opacity\"\/>\n\n\n\n<h2 class=\"wp-block-heading\"><strong>Materiais e Acabamentos: O Que Considerar na Hora da Escolha<\/strong><\/h2>\n\n\n\n<p>Um bom quadro vai al\u00e9m da imagem. A escolha dos materiais \u00e9 crucial para garantir durabilidade, impacto visual e integra\u00e7\u00e3o com o ambiente. Os quadros da Neon Custom, por exemplo, s\u00e3o feitos em pain\u00e9is de PVC ou MDF com impress\u00e3o UV de alta defini\u00e7\u00e3o e acabamento fosco \u2014 perfeitos para quem busca um visual clean e moderno.<\/p>\n\n\n\n<p>O ideal \u00e9 que o <a href=\"https:\/\/neoncustom.com.br\/produtos\/quadro-cr7-e-messi\/\" target=\"_blank\" rel=\"noopener\"><strong>quadro CR7<\/strong><\/a> tenha:<\/p>\n\n\n\n<ul class=\"wp-block-list\">\n<li>Tamanho proporcional ao espa\u00e7o<br><\/li>\n\n\n\n<li>Moldura discreta ou sem moldura (estilo flutuante)<br><\/li>\n\n\n\n<li>Impress\u00e3o de qualidade fotogr\u00e1fica<br><\/li>\n\n\n\n<li>Design exclusivo, art\u00edstico e n\u00e3o gen\u00e9rico<br><\/li>\n<\/ul>\n\n\n\n<p>Um quadro bem posicionado pode, inclusive, substituir outros elementos decorativos, como prateleiras e espelhos. E quando a arte homenageia um \u00eddolo como CR7, o valor emocional da pe\u00e7a \u00e9 ainda maior.<\/p>\n\n\n\n<hr class=\"wp-block-separator has-alpha-channel-opacity\"\/>\n\n\n\n<h2 class=\"wp-block-heading\"><strong>Storytelling: O Colecionador que Montou a Galeria dos Sonhos<\/strong><\/h2>\n\n\n\n<p>Rodrigo, 34 anos, \u00e9 executivo de marketing e torcedor fan\u00e1tico de Cristiano Ronaldo desde os tempos do Manchester United. Durante a pandemia, decidiu transformar sua sala de jogos em uma galeria de \u00eddolos. Come\u00e7ou com camisas emolduradas, mas sentia falta de algo que trouxesse a presen\u00e7a de CR7 de forma mais impactante.<\/p>\n\n\n\n<p>Foi ent\u00e3o que encontrou o<a href=\"https:\/\/neoncustom.com.br\/produtos\/quadro-cr7-e-messi\/\" target=\"_blank\" rel=\"noopener\"> <strong>quadro CR7<\/strong><\/a> da Neon Custom. Optou por um modelo em preto e dourado com recorte moderno. A pe\u00e7a virou o destaque do ambiente \u2014 e tamb\u00e9m o in\u00edcio de muitas conversas com amigos que visitam sua casa.<\/p>\n\n\n\n<p>&#8220;Todo mundo para na frente desse quadro. Ele virou o s\u00edmbolo do que o Cristiano representa para mim: supera\u00e7\u00e3o, estilo e ambi\u00e7\u00e3o&#8221;, comenta Rodrigo.<\/p>\n\n\n\n<hr class=\"wp-block-separator has-alpha-channel-opacity\"\/>\n\n\n\n<h2 class=\"wp-block-heading\"><strong>Quadro CR7 x Quadro Messi: Est\u00e9tica, Rivalidade e Colecionismo<\/strong><\/h2>\n\n\n\n<p>Uma das maiores rivalidades do futebol moderno tamb\u00e9m se tornou um tema popular em projetos de decora\u00e7\u00e3o. Muitos f\u00e3s optam por compor uma parede com ambos os atletas, criando um equil\u00edbrio ic\u00f4nico entre o talento explosivo de Cristiano Ronaldo e a genialidade criativa de Lionel Messi.<\/p>\n\n\n\n<p>Na Neon Custom, h\u00e1 a possibilidade de adquirir o conjunto<a href=\"https:\/\/neoncustom.com.br\/produtos\/quadro-cr7-e-messi\/\" target=\"_blank\" rel=\"noopener\"> <strong>quadro CR7<\/strong><\/a> + Messi, com design harmonizado e acabamento cont\u00ednuo \u2014 ideal para ambientes que homenageiam o futebol sem tomar partido.<\/p>\n\n\n\n<p>Essa proposta agrada desde crian\u00e7as apaixonadas pelo esporte at\u00e9 adultos que valorizam a hist\u00f3ria do futebol moderno. A est\u00e9tica esportiva se adapta tanto a ambientes cl\u00e1ssicos quanto contempor\u00e2neos, sendo extremamente vers\u00e1til na composi\u00e7\u00e3o de espa\u00e7os.<\/p>\n\n\n\n<hr class=\"wp-block-separator has-alpha-channel-opacity\"\/>\n\n\n\n<h2 class=\"wp-block-heading\"><strong>Qual Tamanho Escolher para o Quadro CR7?<\/strong><\/h2>\n\n\n\n<p>A escolha do tamanho deve levar em conta o espa\u00e7o dispon\u00edvel e o impacto desejado. Quadros maiores (acima de 60 cm de largura) funcionam melhor como pe\u00e7a central em paredes vazias. J\u00e1 modelos menores s\u00e3o perfeitos para composi\u00e7\u00f5es com outros elementos, como estantes ou lumin\u00e1rias decorativas.<\/p>\n\n\n\n<p>A Neon Custom oferece diferentes formatos e dimens\u00f5es para o<a href=\"https:\/\/neoncustom.com.br\/produtos\/quadro-cr7-e-messi\/\" target=\"_blank\" rel=\"noopener\"> <strong>quadro CR7<\/strong><\/a>, sempre com aten\u00e7\u00e3o aos detalhes, simetria visual e praticidade na instala\u00e7\u00e3o.<\/p>\n\n\n\n<hr class=\"wp-block-separator has-alpha-channel-opacity\"\/>\n\n\n\n<h2 class=\"wp-block-heading\"><strong>Decora\u00e7\u00e3o com Prop\u00f3sito: A Influ\u00eancia da Arte Esportiva<\/strong><\/h2>\n\n\n\n<p>A arte decorativa, especialmente em ambientes residenciais, deixou de ser apenas sobre est\u00e9tica. Hoje, ela tamb\u00e9m comunica valores, interesses e objetivos. Um quadro de Cristiano Ronaldo pode representar:<\/p>\n\n\n\n<ul class=\"wp-block-list\">\n<li>O amor pelo futebol<br><\/li>\n\n\n\n<li>A valoriza\u00e7\u00e3o da disciplina e do foco<br><\/li>\n\n\n\n<li>A busca por supera\u00e7\u00e3o constante<br><\/li>\n\n\n\n<li>O apre\u00e7o por conquistas e desempenho de elite<br><\/li>\n<\/ul>\n\n\n\n<p>Ao incluir o<a href=\"https:\/\/neoncustom.com.br\/produtos\/quadro-cr7-e-messi\/\" target=\"_blank\" rel=\"noopener\"> <strong>quadro CR7<\/strong><\/a> em sua decora\u00e7\u00e3o, voc\u00ea n\u00e3o s\u00f3 homenageia um dos maiores nomes do esporte mundial \u2014 voc\u00ea cria um ambiente com prop\u00f3sito, personalidade e inspira\u00e7\u00e3o di\u00e1ria.<\/p>\n\n\n\n<hr class=\"wp-block-separator has-alpha-channel-opacity\"\/>\n\n\n\n<h2 class=\"wp-block-heading\"><strong>Conclus\u00e3o: Uma Pe\u00e7a Decorativa que Representa Muito Mais do que Futebol<\/strong><\/h2>\n\n\n\n<p>O <strong>quadro CR7<\/strong> \u00e9 mais do que uma imagem em alta defini\u00e7\u00e3o \u2014 ele \u00e9 s\u00edmbolo de for\u00e7a, paix\u00e3o, estilo e legado. Levar uma pe\u00e7a como essa para sua casa \u00e9 afirmar sua identidade, transformar um ambiente comum em um espa\u00e7o com alma e valorizar aquilo que te inspira.<\/p>\n\n\n\n<p>Seja como presente, item de cole\u00e7\u00e3o ou elemento-chave em um projeto de decora\u00e7\u00e3o urbana, o quadro de Cristiano Ronaldo entrega impacto visual, sofistica\u00e7\u00e3o e emo\u00e7\u00e3o em cada detalhe.<\/p>\n\n\n\n<p>Na Neon Custom, voc\u00ea encontra esse e outros modelos desenvolvidos com design exclusivo, qualidade impec\u00e1vel e pronta entrega \u2014 para que sua parede fale t\u00e3o alto quanto o maior camisa 7 do planeta.<\/p>\n\n\n\n<hr class=\"wp-block-separator has-alpha-channel-opacity\"\/>\n\n\n\n<p><strong>Refer\u00eancia externa adicional<\/strong>:<a href=\"https:\/\/pt.wikipedia.org\/wiki\/Cristiano_Ronaldo\" target=\"_blank\" rel=\"noopener\"> Wikipedia \u2013 Cristiano Ronaldo<\/a><\/p>\n\n\n\n<hr class=\"wp-block-separator has-alpha-channel-opacity\"\/>\n\n\n\n<p><strong>Direitos autorais reservados a Neon Custom<\/strong>.<\/p>\n","protected":false},"excerpt":{"rendered":"<p>Cristiano Ronaldo n\u00e3o \u00e9 apenas um jogador \u2014 ele \u00e9 um s\u00edmbolo. Um \u00edcone do desempenho, disciplina, supera\u00e7\u00e3o e protagonismo. E quando se trata de unir design moderno com paix\u00e3o pelo futebol, o quadro CR7 surge como uma pe\u00e7a que vai al\u00e9m da decora\u00e7\u00e3o: ele \u00e9 express\u00e3o, identidade e inspira\u00e7\u00e3o di\u00e1ria. Seja para torcedores fan\u00e1ticos, [&hellip;]<\/p>\n","protected":false},"author":1,"featured_media":71,"comment_status":"open","ping_status":"open","sticky":false,"template":"","format":"standard","meta":{"footnotes":""},"categories":[3],"tags":[],"class_list":["post-70","post","type-post","status-publish","format-standard","has-post-thumbnail","hentry","category-news"],"_links":{"self":[{"href":"https:\/\/radiodelsol.es\/index.php?rest_route=\/wp\/v2\/posts\/70","targetHints":{"allow":["GET"]}}],"collection":[{"href":"https:\/\/radiodelsol.es\/index.php?rest_route=\/wp\/v2\/posts"}],"about":[{"href":"https:\/\/radiodelsol.es\/index.php?rest_route=\/wp\/v2\/types\/post"}],"author":[{"embeddable":true,"href":"https:\/\/radiodelsol.es\/index.php?rest_route=\/wp\/v2\/users\/1"}],"replies":[{"embeddable":true,"href":"https:\/\/radiodelsol.es\/index.php?rest_route=%2Fwp%2Fv2%2Fcomments&post=70"}],"version-history":[{"count":1,"href":"https:\/\/radiodelsol.es\/index.php?rest_route=\/wp\/v2\/posts\/70\/revisions"}],"predecessor-version":[{"id":72,"href":"https:\/\/radiodelsol.es\/index.php?rest_route=\/wp\/v2\/posts\/70\/revisions\/72"}],"wp:featuredmedia":[{"embeddable":true,"href":"https:\/\/radiodelsol.es\/index.php?rest_route=\/wp\/v2\/media\/71"}],"wp:attachment":[{"href":"https:\/\/radiodelsol.es\/index.php?rest_route=%2Fwp%2Fv2%2Fmedia&parent=70"}],"wp:term":[{"taxonomy":"category","embeddable":true,"href":"https:\/\/radiodelsol.es\/index.php?rest_route=%2Fwp%2Fv2%2Fcategories&post=70"},{"taxonomy":"post_tag","embeddable":true,"href":"https:\/\/radiodelsol.es\/index.php?rest_route=%2Fwp%2Fv2%2Ftags&post=70"}],"curies":[{"name":"wp","href":"https:\/\/api.w.org\/{rel}","templated":true}]}}