{"id":61,"date":"2025-06-13T14:26:49","date_gmt":"2025-06-13T14:26:49","guid":{"rendered":"https:\/\/radiodelsol.es\/?p=61"},"modified":"2025-06-13T14:26:51","modified_gmt":"2025-06-13T14:26:51","slug":"colar-prata-feminino-coracoes-brilhantes-e-lisos-elegante-o-encanto-atemporal-que-transforma-cada-detalhe","status":"publish","type":"post","link":"https:\/\/radiodelsol.es\/?p=61","title":{"rendered":"Colar Prata Feminino Cora\u00e7\u00f5es Brilhantes E Lisos Elegante: O Encanto Atemporal Que Transforma Cada Detalhe"},"content":{"rendered":"\n<p>Em um final de tarde nublado em S\u00e3o Paulo, Mariana se arrumava para uma reuni\u00e3o importante. Seu look era s\u00f3brio: blazer branco, cal\u00e7a alfaiatada, salto m\u00e9dio. Mas algo parecia faltar. Foi ent\u00e3o que ela abriu sua caixinha de joias e, em meio a outros acess\u00f3rios, escolheu um \u00fanico item: seu <strong><a href=\"https:\/\/produto.mercadolivre.com.br\/MLB-5419410306-colar-prata-feminino-coracoes-brilhantes-e-lisos-elegante-_JM\" target=\"_blank\" rel=\"noopener\">Colar Prata Feminino Cora\u00e7\u00f5es Brilhantes E Lisos Elegante<\/a><\/strong>. Ao se olhar no espelho, sentiu-se completa.<\/p>\n\n\n\n<p>Esse simples gesto ilustra o poder de uma pe\u00e7a como essa: <strong>vers\u00e1til<\/strong>, <strong>delicada<\/strong> e <strong>absolutamente memor\u00e1vel<\/strong>.<\/p>\n\n\n\n<hr class=\"wp-block-separator has-alpha-channel-opacity\"\/>\n\n\n\n<h2 class=\"wp-block-heading\">Por que o Colar Prata Feminino Cora\u00e7\u00f5es Brilhantes E Lisos Elegante \u00e9 t\u00e3o desejado?<\/h2>\n\n\n\n<p>O <a class=\"\" href=\"https:\/\/produto.mercadolivre.com.br\/MLB-5419410306-colar-prata-feminino-coracoes-brilhantes-e-lisos-elegante-_JM\" target=\"_blank\" rel=\"noopener\"><strong>Colar Prata Feminino Cora\u00e7\u00f5es Brilhantes E Lisos Elegante<\/strong><\/a> representa mais do que um acess\u00f3rio. Ele traduz uma ideia de amor-pr\u00f3prio, de eleg\u00e2ncia sutil e de express\u00e3o pessoal.<\/p>\n\n\n\n<p>Seus <strong>detalhes meticulosamente trabalhados<\/strong> unem o brilho moderno da zirc\u00f4nia \u00e0 suavidade dos cora\u00e7\u00f5es lisos, compondo um visual atemporal, ideal para o cotidiano e tamb\u00e9m para momentos especiais.<\/p>\n\n\n\n<p>E n\u00e3o para por a\u00ed.<\/p>\n\n\n\n<ul class=\"wp-block-list\">\n<li>A prata utilizada no colar possui <strong>alta durabilidade<\/strong> e resist\u00eancia ao tempo.<\/li>\n\n\n\n<li>Os cora\u00e7\u00f5es lisos remetem \u00e0 sofistica\u00e7\u00e3o cl\u00e1ssica.<\/li>\n\n\n\n<li>Os cora\u00e7\u00f5es brilhantes capturam a luz com suavidade, conferindo um toque de glamour sem exageros.<\/li>\n<\/ul>\n\n\n\n<hr class=\"wp-block-separator has-alpha-channel-opacity\"\/>\n\n\n\n<h2 class=\"wp-block-heading\">A simbologia dos cora\u00e7\u00f5es no design de joias<\/h2>\n\n\n\n<p>O cora\u00e7\u00e3o sempre foi uma das formas mais representadas na arte da joalheria. \u00c9 s\u00edmbolo universal de <strong>amor, afeto e conex\u00e3o<\/strong>. No <strong>Colar Prata Feminino Cora\u00e7\u00f5es Brilhantes E Lisos Elegante<\/strong>, esses significados s\u00e3o celebrados com requinte e modernidade.<\/p>\n\n\n\n<p>Na pr\u00e1tica, a altern\u00e2ncia entre os <strong>cora\u00e7\u00f5es brilhantes e lisos<\/strong> \u00e9 mais do que um detalhe est\u00e9tico \u2014 \u00e9 uma met\u00e1fora visual que representa os altos e baixos da vida amorosa, os momentos de brilho e de introspec\u00e7\u00e3o. Um presente perfeito para si mesma ou para algu\u00e9m especial.<\/p>\n\n\n\n<hr class=\"wp-block-separator has-alpha-channel-opacity\"\/>\n\n\n\n<h2 class=\"wp-block-heading\">Quando usar um colar prata feminino elegante?<\/h2>\n\n\n\n<p>Voc\u00ea pode utilizar essa joia em diferentes ocasi\u00f5es:<\/p>\n\n\n\n<ul class=\"wp-block-list\">\n<li><strong>No trabalho<\/strong>, com camisa branca e cabelo preso;<\/li>\n\n\n\n<li><strong>Em eventos noturnos<\/strong>, combinando com brincos delicados e maquiagem iluminada;<\/li>\n\n\n\n<li><strong>Em encontros casuais<\/strong>, com vestidos leves ou blusas de al\u00e7a.<\/li>\n<\/ul>\n\n\n\n<p>Assim como outros acess\u00f3rios da mesma linha, como o <a class=\"\" href=\"https:\/\/produto.mercadolivre.com.br\/MLB-4085043217-kit-colar-e-brincos-lacinho-com-perola-conjunto-folheado-_JM\" target=\"_blank\" rel=\"noopener\"><strong>Kit Colar e Brincos Lacinho com P\u00e9rola Conjunto Folheado<\/strong><\/a>, o colar prata com cora\u00e7\u00f5es se adapta ao seu estilo pessoal com perfei\u00e7\u00e3o.<\/p>\n\n\n\n<hr class=\"wp-block-separator has-alpha-channel-opacity\"\/>\n\n\n\n<h2 class=\"wp-block-heading\">Principais caracter\u00edsticas do Colar Prata Feminino Cora\u00e7\u00f5es Brilhantes E Lisos Elegante<\/h2>\n\n\n\n<ul class=\"wp-block-list\">\n<li><strong>Material:<\/strong> Prata de alta qualidade com banho protetor<\/li>\n\n\n\n<li><strong>Design:<\/strong> Cora\u00e7\u00f5es intercalados (lisos e com zirc\u00f4nias)<\/li>\n\n\n\n<li><strong>Fecho:<\/strong> Seguro e discreto<\/li>\n\n\n\n<li><strong>Comprimento ideal:<\/strong> Real\u00e7a o colo sem exageros<\/li>\n\n\n\n<li><strong>Durabilidade:<\/strong> Tratamento especial para resist\u00eancia \u00e0 oxida\u00e7\u00e3o<\/li>\n<\/ul>\n\n\n\n<p>Al\u00e9m disso, o acabamento polido garante <strong>conforto ao toque<\/strong> e um brilho duradouro, que permanece mesmo ap\u00f3s v\u00e1rias utiliza\u00e7\u00f5es.<\/p>\n\n\n\n<hr class=\"wp-block-separator has-alpha-channel-opacity\"\/>\n\n\n\n<h2 class=\"wp-block-heading\">Combinando o colar com outros acess\u00f3rios prateados<\/h2>\n\n\n\n<p>O segredo para montar composi\u00e7\u00f5es sofisticadas est\u00e1 em manter uma <strong>harmonia entre os elementos<\/strong>. Por isso, recomendamos complementar o look com itens como:<\/p>\n\n\n\n<ul class=\"wp-block-list\">\n<li><a class=\"\" href=\"https:\/\/produto.mercadolivre.com.br\/MLB-5420892778-kit-colar-pulseira-e-brinco-luxo-prateado-com-zircnias-_JM\" target=\"_blank\" rel=\"noopener\"><strong>Kit Colar, Pulseira e Brinco Luxo Prateado com Zirc\u00f4nias<\/strong><\/a><\/li>\n\n\n\n<li><a class=\"\" href=\"https:\/\/produto.mercadolivre.com.br\/MLB-5420972204-pulseira-brilhantes-luxo-prata-zircnia-premium-elegante-_JM\" target=\"_blank\" rel=\"noopener\"><strong>Pulseira Brilhantes Luxo Prata Zirc\u00f4nia Premium Elegante<\/strong><\/a><\/li>\n<\/ul>\n\n\n\n<p>Esses conjuntos valorizam ainda mais o brilho natural do colar prata feminino e criam um visual coerente e sofisticado.<\/p>\n\n\n\n<hr class=\"wp-block-separator has-alpha-channel-opacity\"\/>\n\n\n\n<h2 class=\"wp-block-heading\">A eleg\u00e2ncia est\u00e1 nos detalhes<\/h2>\n\n\n\n<p>Ao observar de perto o <strong>Colar Prata Feminino Cora\u00e7\u00f5es Brilhantes E Lisos Elegante<\/strong>, nota-se a aten\u00e7\u00e3o aplicada em cada curva, cada borda polida, cada zirc\u00f4nia cravada com precis\u00e3o. Esse cuidado com os detalhes \u00e9 o que faz dessa pe\u00e7a um s\u00edmbolo de eleg\u00e2ncia atemporal.<\/p>\n\n\n\n<p>N\u00e3o \u00e9 por acaso que o conceito de \u201cmenos \u00e9 mais\u201d \u00e9 t\u00e3o aplicado no design de joias finas: a beleza est\u00e1 na <strong>sutileza e na precis\u00e3o<\/strong>.<\/p>\n\n\n\n<hr class=\"wp-block-separator has-alpha-channel-opacity\"\/>\n\n\n\n<h2 class=\"wp-block-heading\">Qualidade como investimento em autoestima<\/h2>\n\n\n\n<p>Mais do que um acess\u00f3rio de moda, esse colar \u00e9 um <strong>investimento em autoestima<\/strong>. Us\u00e1-lo \u00e9 lembrar a si mesma, todos os dias, de que pequenos detalhes fazem toda a diferen\u00e7a. E que a beleza pode (e deve) ser sentida de dentro para fora.<\/p>\n\n\n\n<hr class=\"wp-block-separator has-alpha-channel-opacity\"\/>\n\n\n\n<h2 class=\"wp-block-heading\">Como cuidar do seu Colar Prata Feminino Cora\u00e7\u00f5es Brilhantes E Lisos Elegante<\/h2>\n\n\n\n<p>A manuten\u00e7\u00e3o correta garante que sua joia continue deslumbrante por muito tempo:<\/p>\n\n\n\n<ul class=\"wp-block-list\">\n<li>Guarde sempre em local seco e sem contato com outras pe\u00e7as para evitar arranh\u00f5es<\/li>\n\n\n\n<li>Evite contato direto com perfumes, cremes e \u00e1gua salgada<\/li>\n\n\n\n<li>Limpe com uma flanela macia e seca ap\u00f3s o uso<\/li>\n<\/ul>\n\n\n\n<p>Esse cuidado b\u00e1sico preserva o brilho e a durabilidade, mantendo o colar como novo por anos.<\/p>\n\n\n\n<hr class=\"wp-block-separator has-alpha-channel-opacity\"\/>\n\n\n\n<h2 class=\"wp-block-heading\">O presente perfeito<\/h2>\n\n\n\n<p>Seja para anivers\u00e1rios, Dia das M\u00e3es, formaturas ou at\u00e9 mesmo como um gesto espont\u00e2neo de carinho, o <strong>Colar Prata Feminino Cora\u00e7\u00f5es Brilhantes E Lisos Elegante<\/strong> \u00e9 uma escolha segura, significativa e esteticamente impec\u00e1vel.<\/p>\n\n\n\n<p>E com o envio r\u00e1pido e seguro via <a class=\"\" href=\"https:\/\/produto.mercadolivre.com.br\/MLB-5419410306-colar-prata-feminino-coracoes-brilhantes-e-lisos-elegante-_JM\" target=\"_blank\" rel=\"noopener\">Mercado Livre<\/a>, o processo de compra se torna ainda mais pr\u00e1tico.<\/p>\n\n\n\n<hr class=\"wp-block-separator has-alpha-channel-opacity\"\/>\n\n\n\n<h2 class=\"wp-block-heading\">Link externo de refer\u00eancia sobre tend\u00eancias em joias<\/h2>\n\n\n\n<p>Segundo mat\u00e9ria recente da revista <a>Marie Claire<\/a>, as pe\u00e7as em prata voltaram com tudo nas tend\u00eancias de 2024, destacando exatamente designs com formas suaves, brilho pontual e elementos simb\u00f3licos \u2014 exatamente como os cora\u00e7\u00f5es brilhantes e lisos.<\/p>\n\n\n\n<hr class=\"wp-block-separator has-alpha-channel-opacity\"\/>\n\n\n\n<h2 class=\"wp-block-heading\">Perguntas frequentes sobre o uso de colares femininos de prata<\/h2>\n\n\n\n<p><strong>Posso usar o colar prata feminino no dia a dia?<\/strong><br>Sim, a prata \u00e9 resistente e, com os cuidados certos, pode ser usada diariamente.<\/p>\n\n\n\n<p><strong>Combina com pele morena ou clara?<\/strong><br>A prata \u00e9 um metal neutro, que favorece todos os tons de pele.<\/p>\n\n\n\n<p><strong>Pode molhar?<\/strong><br>Evite molhar para manter o brilho da zirc\u00f4nia e evitar oxida\u00e7\u00e3o.<\/p>\n\n\n\n<hr class=\"wp-block-separator has-alpha-channel-opacity\"\/>\n\n\n\n<h2 class=\"wp-block-heading\">Outras joias recomendadas para combinar<\/h2>\n\n\n\n<p>Se voc\u00ea est\u00e1 buscando montar um conjunto completo, n\u00e3o deixe de conferir:<\/p>\n\n\n\n<ul class=\"wp-block-list\">\n<li><a class=\"\" href=\"https:\/\/produto.mercadolivre.com.br\/MLB-4085043217-kit-colar-e-brincos-lacinho-com-perola-conjunto-folheado-_JM\" target=\"_blank\" rel=\"noopener\">Kit Colar e Brincos Lacinho com P\u00e9rola Conjunto Folheado<\/a><\/li>\n\n\n\n<li><a class=\"\" href=\"https:\/\/produto.mercadolivre.com.br\/MLB-5420972204-pulseira-brilhantes-luxo-prata-zircnia-premium-elegante-_JM\" target=\"_blank\" rel=\"noopener\">Pulseira Brilhantes Luxo Prata Zirc\u00f4nia Premium Elegante<\/a><\/li>\n<\/ul>\n\n\n\n<hr class=\"wp-block-separator has-alpha-channel-opacity\"\/>\n\n\n\n<h2 class=\"wp-block-heading\">Conclus\u00e3o: menos \u00e9 mais quando se trata de eleg\u00e2ncia<\/h2>\n\n\n\n<p>O <strong>Colar Prata Feminino Cora\u00e7\u00f5es Brilhantes E Lisos Elegante<\/strong> \u00e9 mais do que uma tend\u00eancia \u2014 \u00e9 uma afirma\u00e7\u00e3o. Um detalhe que eleva o visual, refor\u00e7a sua identidade e oferece beleza com significado.<\/p>\n\n\n\n<p>A joia certa, usada no momento certo, pode mudar tudo. E essa pe\u00e7a faz exatamente isso: traz delicadeza, brilho e eleg\u00e2ncia para qualquer situa\u00e7\u00e3o.<\/p>\n\n\n\n<p>Adquira o seu agora e sinta na pele o poder de um acess\u00f3rio feito para transformar a forma como voc\u00ea se v\u00ea.<\/p>\n\n\n\n<p>\u27a1 Veja agora no link oficial do produto:<br>\ud83d\udc49 <a class=\"\" href=\"https:\/\/produto.mercadolivre.com.br\/MLB-5419410306-colar-prata-feminino-coracoes-brilhantes-e-lisos-elegante-_JM\" target=\"_blank\" rel=\"noopener\">Colar Prata Feminino Cora\u00e7\u00f5es Brilhantes E Lisos Elegante &#8211; Clique para comprar<\/a><\/p>\n\n\n\n<hr class=\"wp-block-separator has-alpha-channel-opacity\"\/>\n\n\n\n<h3 class=\"wp-block-heading\">Sugest\u00f5es da Wikip\u00e9dia para aprofundar o tema:<\/h3>\n\n\n\n<ul class=\"wp-block-list\">\n<li><a class=\"\" href=\"https:\/\/pt.wikipedia.org\/wiki\/Prata\" target=\"_blank\" rel=\"noopener\">Prata (metal)<\/a><\/li>\n\n\n\n<li><a class=\"\" href=\"https:\/\/pt.wikipedia.org\/wiki\/Joalheria\" target=\"_blank\" rel=\"noopener\">Joalheria<\/a><\/li>\n\n\n\n<li><a class=\"\" href=\"https:\/\/pt.wikipedia.org\/wiki\/Zirc%C3%B4nia_c%C3%BAbica\" target=\"_blank\" rel=\"noopener\">Zirc\u00f4nia c\u00fabica<\/a><\/li>\n<\/ul>\n","protected":false},"excerpt":{"rendered":"<p>Em um final de tarde nublado em S\u00e3o Paulo, Mariana se arrumava para uma reuni\u00e3o importante. Seu look era s\u00f3brio: blazer branco, cal\u00e7a alfaiatada, salto m\u00e9dio. Mas algo parecia faltar. Foi ent\u00e3o que ela abriu sua caixinha de joias e, em meio a outros acess\u00f3rios, escolheu um \u00fanico item: seu Colar Prata Feminino Cora\u00e7\u00f5es Brilhantes [&hellip;]<\/p>\n","protected":false},"author":1,"featured_media":62,"comment_status":"open","ping_status":"open","sticky":false,"template":"","format":"standard","meta":{"footnotes":""},"categories":[3],"tags":[],"class_list":["post-61","post","type-post","status-publish","format-standard","has-post-thumbnail","hentry","category-news"],"_links":{"self":[{"href":"https:\/\/radiodelsol.es\/index.php?rest_route=\/wp\/v2\/posts\/61","targetHints":{"allow":["GET"]}}],"collection":[{"href":"https:\/\/radiodelsol.es\/index.php?rest_route=\/wp\/v2\/posts"}],"about":[{"href":"https:\/\/radiodelsol.es\/index.php?rest_route=\/wp\/v2\/types\/post"}],"author":[{"embeddable":true,"href":"https:\/\/radiodelsol.es\/index.php?rest_route=\/wp\/v2\/users\/1"}],"replies":[{"embeddable":true,"href":"https:\/\/radiodelsol.es\/index.php?rest_route=%2Fwp%2Fv2%2Fcomments&post=61"}],"version-history":[{"count":1,"href":"https:\/\/radiodelsol.es\/index.php?rest_route=\/wp\/v2\/posts\/61\/revisions"}],"predecessor-version":[{"id":64,"href":"https:\/\/radiodelsol.es\/index.php?rest_route=\/wp\/v2\/posts\/61\/revisions\/64"}],"wp:featuredmedia":[{"embeddable":true,"href":"https:\/\/radiodelsol.es\/index.php?rest_route=\/wp\/v2\/media\/62"}],"wp:attachment":[{"href":"https:\/\/radiodelsol.es\/index.php?rest_route=%2Fwp%2Fv2%2Fmedia&parent=61"}],"wp:term":[{"taxonomy":"category","embeddable":true,"href":"https:\/\/radiodelsol.es\/index.php?rest_route=%2Fwp%2Fv2%2Fcategories&post=61"},{"taxonomy":"post_tag","embeddable":true,"href":"https:\/\/radiodelsol.es\/index.php?rest_route=%2Fwp%2Fv2%2Ftags&post=61"}],"curies":[{"name":"wp","href":"https:\/\/api.w.org\/{rel}","templated":true}]}}