{"id":34,"date":"2025-02-04T20:45:16","date_gmt":"2025-02-04T20:45:16","guid":{"rendered":"https:\/\/radiodelsol.es\/?p=34"},"modified":"2025-02-14T20:47:37","modified_gmt":"2025-02-14T20:47:37","slug":"a-revolucao-do-design-e-estilo-atacadao-dos-cabides-vestido-plus-size-verde-oliva-e-pizza-neon-led","status":"publish","type":"post","link":"https:\/\/radiodelsol.es\/?p=34","title":{"rendered":"A Revolu\u00e7\u00e3o do Design e Estilo: Atacad\u00e3o dos Cabides, Vestido Plus Size Verde Oliva e Pizza Neon LED"},"content":{"rendered":"\n<h3 class=\"wp-block-heading\"><strong>Introdu\u00e7\u00e3o<\/strong><\/h3>\n\n\n\n<p>Em um mundo onde a est\u00e9tica e a funcionalidade se entrela\u00e7am cada vez mais, a transforma\u00e7\u00e3o dos ambientes e do vestu\u00e1rio pode ter um impacto significativo em nossas experi\u00eancias di\u00e1rias. Elementos simples, como a <strong>organiza\u00e7\u00e3o eficiente com cabides<\/strong>, a escolha do <strong>vestido plus size verde oliva<\/strong> para uma ocasi\u00e3o especial e a ilumina\u00e7\u00e3o criativa com <strong>pizza neon LED<\/strong> podem, juntos, melhorar a experi\u00eancia de consumo e transformar o ambiente ao redor. Este artigo explora como cada um desses elementos desempenha um papel fundamental no aprimoramento da est\u00e9tica, funcionalidade e personaliza\u00e7\u00e3o nos setores de varejo, moda e gastronomia, oferecendo solu\u00e7\u00f5es inovadoras que atraem clientes e proporcionam experi\u00eancias inesquec\u00edveis.<\/p>\n\n\n\n<figure class=\"wp-block-image size-full\"><img fetchpriority=\"high\" decoding=\"async\" width=\"1024\" height=\"1024\" src=\"https:\/\/radiodelsol.es\/wp-content\/uploads\/2025\/02\/A-Revolucao-do-Design-e-Estilo-Atacadao-dos-Cabides-Vestido-Plus-Size-Verde-Oliva-e-Pizza-Neon-LED-1.webp\" alt=\"\" class=\"wp-image-36\" srcset=\"https:\/\/radiodelsol.es\/wp-content\/uploads\/2025\/02\/A-Revolucao-do-Design-e-Estilo-Atacadao-dos-Cabides-Vestido-Plus-Size-Verde-Oliva-e-Pizza-Neon-LED-1.webp 1024w, https:\/\/radiodelsol.es\/wp-content\/uploads\/2025\/02\/A-Revolucao-do-Design-e-Estilo-Atacadao-dos-Cabides-Vestido-Plus-Size-Verde-Oliva-e-Pizza-Neon-LED-1-300x300.webp 300w, https:\/\/radiodelsol.es\/wp-content\/uploads\/2025\/02\/A-Revolucao-do-Design-e-Estilo-Atacadao-dos-Cabides-Vestido-Plus-Size-Verde-Oliva-e-Pizza-Neon-LED-1-150x150.webp 150w, https:\/\/radiodelsol.es\/wp-content\/uploads\/2025\/02\/A-Revolucao-do-Design-e-Estilo-Atacadao-dos-Cabides-Vestido-Plus-Size-Verde-Oliva-e-Pizza-Neon-LED-1-768x768.webp 768w\" sizes=\"(max-width: 1024px) 100vw, 1024px\" \/><\/figure>\n\n\n\n<h3 class=\"wp-block-heading\"><strong>1. Atacad\u00e3o dos Cabides: A Solu\u00e7\u00e3o Ideal para Lojas Organizadas e Funcionais<\/strong><\/h3>\n\n\n\n<p>No varejo, a organiza\u00e7\u00e3o eficiente das roupas e a exibi\u00e7\u00e3o atraente dos produtos s\u00e3o fundamentais para o sucesso de qualquer loja. O <strong>atacad\u00e3o dos cabides<\/strong> se tornou uma solu\u00e7\u00e3o estrat\u00e9gica para empres\u00e1rios e comerciantes que desejam otimizar seus espa\u00e7os, garantindo uma boa apresenta\u00e7\u00e3o das mercadorias e oferecendo uma experi\u00eancia de compra mais agrad\u00e1vel para os consumidores.<\/p>\n\n\n\n<h4 class=\"wp-block-heading\"><strong>Como o Atacad\u00e3o dos Cabides Transforma a Exposi\u00e7\u00e3o de Produtos<\/strong><\/h4>\n\n\n\n<p>O <strong>atacad\u00e3o dos cabides<\/strong> oferece aos comerciantes a oportunidade de comprar grandes quantidades de cabides a pre\u00e7os mais acess\u00edveis, facilitando a organiza\u00e7\u00e3o das roupas no ch\u00e3o de vendas. Com a op\u00e7\u00e3o de adquirir cabides em atacado, as lojas conseguem n\u00e3o apenas reduzir custos, mas tamb\u00e9m manter uma est\u00e9tica visual limpa e organizada, essencial para atrair os clientes e maximizar as vendas.<\/p>\n\n\n\n<p>Al\u00e9m disso, os <strong>cabides<\/strong> s\u00e3o respons\u00e1veis por manter a integridade das roupas, evitando que pe\u00e7as se amassem ou deformem. Quando usados corretamente, eles garantem que as roupas permane\u00e7am em \u00f3timo estado, facilitando o trabalho de exibi\u00e7\u00e3o e venda. A<a href=\"https:\/\/artcomvidros.com.br\/cabides\/atacado\/\" target=\"_blank\" rel=\"noopener\"> Artcom Vidros<\/a> oferece solu\u00e7\u00f5es eficientes de <strong>cabides em atacado<\/strong>, ideais para lojas de roupas de todos os portes, com diferentes modelos e materiais que atendem \u00e0s necessidades espec\u00edficas de cada tipo de loja.<\/p>\n\n\n\n<h4 class=\"wp-block-heading\"><strong>Benef\u00edcios do Atacad\u00e3o dos Cabides para o Varejo<\/strong><\/h4>\n\n\n\n<ol class=\"wp-block-list\">\n<li><strong>Efici\u00eancia na organiza\u00e7\u00e3o<\/strong>: A utiliza\u00e7\u00e3o de <strong>cabides em atacado<\/strong> permite que a loja organize seu estoque de forma otimizada, facilitando o acesso aos produtos e melhorando a experi\u00eancia do cliente.<\/li>\n\n\n\n<li><strong>Redu\u00e7\u00e3o de custos<\/strong>: Comprar cabides em grandes quantidades reduz o custo unit\u00e1rio, tornando a solu\u00e7\u00e3o mais acess\u00edvel para o comerciante.<\/li>\n\n\n\n<li><strong>Versatilidade e personaliza\u00e7\u00e3o<\/strong>: O <strong>atacad\u00e3o dos cabides<\/strong> oferece uma variedade de op\u00e7\u00f5es que podem ser adaptadas ao estilo da loja, com modelos feitos de madeira, metal ou pl\u00e1stico, todos projetados para diferentes tipos de roupas.<\/li>\n<\/ol>\n\n\n\n<h3 class=\"wp-block-heading\"><strong>2. Vestido Plus Size Verde Oliva: Eleg\u00e2ncia, Estilo e Conforto para Todos os Corpos<\/strong><\/h3>\n\n\n\n<p>Quando se trata de escolher o traje perfeito para eventos especiais, como casamentos, formaturas ou festas, \u00e9 essencial considerar a pe\u00e7a que melhor combina estilo, conforto e confian\u00e7a. O <strong>vestido plus size verde oliva<\/strong> \u00e9 uma excelente escolha para quem busca um look sofisticado e elegante, sem abrir m\u00e3o do conforto.<\/p>\n\n\n\n<h4 class=\"wp-block-heading\"><strong>O Encanto do Verde Oliva em Vestidos Plus Size<\/strong><\/h4>\n\n\n\n<p>O <strong>verde oliva<\/strong> \u00e9 uma cor que transmite sofistica\u00e7\u00e3o, eleg\u00e2ncia e uma sensa\u00e7\u00e3o de tranquilidade, sendo uma excelente op\u00e7\u00e3o para vestidos de festa, especialmente para aqueles que preferem uma tonalidade mais s\u00f3bria, mas ao mesmo tempo marcante. Para mulheres que buscam um vestido plus size, o <strong>verde oliva<\/strong> \u00e9 uma escolha que valoriza todos os tipos de corpo, proporcionando um look chic e atemporal.<\/p>\n\n\n\n<p>A<a href=\"https:\/\/www.petrafina.com.br\/collections\/verde-oliva\" target=\"_blank\" rel=\"noopener\"> Petra Fina<\/a> oferece uma variedade de <strong>vestidos plus size verde oliva<\/strong>, que s\u00e3o ideais para diversas ocasi\u00f5es. Com modelos que variam de vestidos de coquetel a vestidos de gala, a marca oferece op\u00e7\u00f5es que garantem o ajuste perfeito e conforto durante todo o evento. Os vestidos s\u00e3o feitos com materiais de alta qualidade, garantindo durabilidade e estilo.<\/p>\n\n\n\n<h4 class=\"wp-block-heading\"><strong>Como Escolher o Vestido Plus Size Verde Oliva Ideal<\/strong><\/h4>\n\n\n\n<p>Ao escolher um <strong>vestido plus size verde oliva<\/strong>, \u00e9 importante considerar o formato do corpo e o tipo de evento. Um vestido bem ajustado e com um corte adequado pode fazer toda a diferen\u00e7a na forma como voc\u00ea se sente. O <strong>verde oliva<\/strong> combina bem com acess\u00f3rios em tons met\u00e1licos, como dourado ou prata, e pode ser usado com diferentes estilos de cal\u00e7ados, desde saltos altos at\u00e9 sand\u00e1lias mais discretas, dependendo da ocasi\u00e3o.<\/p>\n\n\n\n<h3 class=\"wp-block-heading\"><strong>3. Pizza Neon LED: Ilumina\u00e7\u00e3o Criativa que Transforma o Ambiente<\/strong><\/h3>\n\n\n\n<p>Em um setor t\u00e3o competitivo quanto o de alimenta\u00e7\u00e3o, especialmente pizzarias, a cria\u00e7\u00e3o de um ambiente \u00fanico e convidativo \u00e9 fundamental para atrair clientes e garantir uma experi\u00eancia agrad\u00e1vel. O uso de <strong>pizza neon LED<\/strong> tem se tornado uma das formas mais eficazes de destacar o neg\u00f3cio e criar uma atmosfera vibrante e moderna.<\/p>\n\n\n\n<h4 class=\"wp-block-heading\"><strong>A Influ\u00eancia do Neon LED nas Pizzarias<\/strong><\/h4>\n\n\n\n<p>O <strong>neon LED<\/strong> oferece uma ilumina\u00e7\u00e3o brilhante e energ\u00e9tica, ideal para criar ambientes modernos e din\u00e2micos. Em pizzarias, o uso de <strong>pizza neon LED<\/strong> pode ajudar a destacar o nome da loja, o logo ou at\u00e9 mesmo slogans criativos que atraiam o p\u00fablico. A ilumina\u00e7\u00e3o neon n\u00e3o apenas proporciona um toque de modernidade, mas tamb\u00e9m cria uma atmosfera acolhedora e animada, que faz os clientes se sentirem \u00e0 vontade e prontos para desfrutar de uma refei\u00e7\u00e3o.<\/p>\n\n\n\n<p>A<a href=\"https:\/\/neoncustom.com.br\/produtos\/neon-led-pizza\/\" target=\"_blank\" rel=\"noopener\"> Neon Custom<\/a> oferece solu\u00e7\u00f5es personalizadas de <strong>pizza neon LED<\/strong>, permitindo que as pizzarias criem um ambiente \u00fanico e personalizado. Essas luzes podem ser usadas para destacar \u00e1reas espec\u00edficas, como o balc\u00e3o de atendimento, a entrada ou at\u00e9 mesmo as mesas, criando uma identidade visual consistente e atraente para o neg\u00f3cio.<\/p>\n\n\n\n<h4 class=\"wp-block-heading\"><strong>Benef\u00edcios do Uso de Neon LED nas Pizzarias<\/strong><\/h4>\n\n\n\n<ol class=\"wp-block-list\">\n<li><strong>Atra\u00e7\u00e3o de clientes<\/strong>: A ilumina\u00e7\u00e3o neon brilhante chama a aten\u00e7\u00e3o dos passantes e cria uma imagem marcante para a pizzaria.<\/li>\n\n\n\n<li><strong>Efici\u00eancia energ\u00e9tica<\/strong>: As luzes LED consomem significativamente menos energia do que as l\u00e2mpadas tradicionais, o que torna a solu\u00e7\u00e3o mais econ\u00f4mica.<\/li>\n\n\n\n<li><strong>Design personalizado<\/strong>: As luzes <strong>pizza neon LED<\/strong> podem ser feitas sob medida para refletir a identidade da pizzaria, criando um ambiente \u00fanico e envolvente.<\/li>\n<\/ol>\n\n\n\n<h3 class=\"wp-block-heading\"><strong>4. A Integra\u00e7\u00e3o entre Funcionalidade e Estilo nos Neg\u00f3cios<\/strong><\/h3>\n\n\n\n<p>\u00c0 medida que o mercado de varejo e servi\u00e7os continua a evoluir, os consumidores est\u00e3o cada vez mais exigentes com rela\u00e7\u00e3o \u00e0 qualidade dos produtos e \u00e0 experi\u00eancia que recebem. O uso de solu\u00e7\u00f5es como <strong>atacad\u00e3o dos cabides<\/strong>, <strong>vestidos plus size verde oliva<\/strong> e <strong>pizza neon LED<\/strong> s\u00e3o exemplos de como a funcionalidade e o estilo podem ser combinados de maneira eficaz para transformar os neg\u00f3cios.<\/p>\n\n\n\n<h4 class=\"wp-block-heading\"><strong>A Busca por Personaliza\u00e7\u00e3o e Exclusividade<\/strong><\/h4>\n\n\n\n<p>A personaliza\u00e7\u00e3o tem sido uma tend\u00eancia crescente, especialmente em setores como moda e gastronomia. Os consumidores buscam experi\u00eancias \u00fanicas e produtos que atendam \u00e0s suas necessidades espec\u00edficas. Desde um <strong>vestido plus size verde oliva<\/strong> que se ajusta perfeitamente ao corpo at\u00e9 o uso de <strong>pizza neon LED<\/strong> para criar um ambiente exclusivo, a personaliza\u00e7\u00e3o se tornou um fator importante para o sucesso dos neg\u00f3cios.<\/p>\n\n\n\n<h4 class=\"wp-block-heading\"><strong>A Transforma\u00e7\u00e3o dos Setores<\/strong><\/h4>\n\n\n\n<p>A personaliza\u00e7\u00e3o e o design inteligente t\u00eam o poder de transformar completamente a experi\u00eancia do consumidor. O uso de <strong>atacad\u00e3o dos cabides<\/strong> nas lojas de roupas, <strong>vestidos plus size verde oliva<\/strong> para ocasi\u00f5es especiais e <strong>pizza neon LED<\/strong> nas pizzarias s\u00e3o maneiras eficazes de criar uma experi\u00eancia mais envolvente e personalizada para os clientes, fazendo com que eles se sintam mais conectados \u00e0 marca e ao ambiente.<\/p>\n\n\n\n<h3 class=\"wp-block-heading\"><strong>5. Conclus\u00e3o: O Futuro do Design Funcional e Estiloso<\/strong><\/h3>\n\n\n\n<p>O design moderno continua a evoluir para oferecer solu\u00e7\u00f5es que n\u00e3o apenas atendem \u00e0s necessidades funcionais, mas tamb\u00e9m proporcionam uma experi\u00eancia mais est\u00e9tica e envolvente. Os <strong>atacad\u00e3o dos cabides<\/strong>, <strong>vestidos plus size verde oliva<\/strong> e <strong>pizza neon LED<\/strong> s\u00e3o exemplos claros de como a est\u00e9tica pode se integrar \u00e0 funcionalidade, criando experi\u00eancias \u00fanicas para os consumidores e melhorando o desempenho das empresas.<\/p>\n\n\n\n<p>\u00c0 medida que as tend\u00eancias continuam a se desenvolver, podemos esperar mais inova\u00e7\u00f5es que busquem equilibrar estilo e praticidade. A personaliza\u00e7\u00e3o e a efici\u00eancia continuar\u00e3o a ser as principais for\u00e7as que impulsionam essas transforma\u00e7\u00f5es, ajudando a criar um futuro em que o design e a funcionalidade se complementam perfeitamente.<\/p>\n\n\n\n<figure class=\"wp-block-image size-full\"><img decoding=\"async\" width=\"1024\" height=\"1024\" src=\"https:\/\/radiodelsol.es\/wp-content\/uploads\/2025\/02\/A-Revolucao-do-Design-e-Estilo-Atacadao-dos-Cabides-Vestido-Plus-Size-Verde-Oliva-e-Pizza-Neon-LED-2.webp\" alt=\"\" class=\"wp-image-37\" srcset=\"https:\/\/radiodelsol.es\/wp-content\/uploads\/2025\/02\/A-Revolucao-do-Design-e-Estilo-Atacadao-dos-Cabides-Vestido-Plus-Size-Verde-Oliva-e-Pizza-Neon-LED-2.webp 1024w, https:\/\/radiodelsol.es\/wp-content\/uploads\/2025\/02\/A-Revolucao-do-Design-e-Estilo-Atacadao-dos-Cabides-Vestido-Plus-Size-Verde-Oliva-e-Pizza-Neon-LED-2-300x300.webp 300w, https:\/\/radiodelsol.es\/wp-content\/uploads\/2025\/02\/A-Revolucao-do-Design-e-Estilo-Atacadao-dos-Cabides-Vestido-Plus-Size-Verde-Oliva-e-Pizza-Neon-LED-2-150x150.webp 150w, https:\/\/radiodelsol.es\/wp-content\/uploads\/2025\/02\/A-Revolucao-do-Design-e-Estilo-Atacadao-dos-Cabides-Vestido-Plus-Size-Verde-Oliva-e-Pizza-Neon-LED-2-768x768.webp 768w\" sizes=\"(max-width: 1024px) 100vw, 1024px\" \/><\/figure>\n\n\n\n<h3 class=\"wp-block-heading\"><strong>Refer\u00eancias:<\/strong><\/h3>\n\n\n\n<ol class=\"wp-block-list\">\n<li>Artcom Vidros. &#8220;Atacad\u00e3o dos Cabides&#8221;.<a href=\"https:\/\/artcomvidros.com.br\/cabides\/atacado\/\" target=\"_blank\" rel=\"noopener\"> https:\/\/artcomvidros.com.br\/cabides\/atacado\/<\/a><\/li>\n\n\n\n<li>Petra Fina. &#8220;Vestido Plus Size Verde Oliva&#8221;.<a href=\"https:\/\/www.petrafina.com.br\/collections\/verde-oliva\" target=\"_blank\" rel=\"noopener\"> https:\/\/www.petrafina.com.br\/collections\/verde-oliva<\/a><\/li>\n\n\n\n<li>Neon Custom. &#8220;Pizza Neon LED&#8221;.<a href=\"https:\/\/neoncustom.com.br\/produtos\/neon-led-pizza\/\" target=\"_blank\" rel=\"noopener\"> https:\/\/neoncustom.com.br\/produtos\/neon-led-pizza\/<\/a><\/li>\n\n\n\n<li>Radio del Sol.<a href=\"https:\/\/radiodelsol.es\"> https:\/\/radiodelsol.es<\/a><\/li>\n<\/ol>\n","protected":false},"excerpt":{"rendered":"<p>Introdu\u00e7\u00e3o Em um mundo onde a est\u00e9tica e a funcionalidade se entrela\u00e7am cada vez mais, a transforma\u00e7\u00e3o dos ambientes e do vestu\u00e1rio pode ter um impacto significativo em nossas experi\u00eancias di\u00e1rias. Elementos simples, como a organiza\u00e7\u00e3o eficiente com cabides, a escolha do vestido plus size verde oliva para uma ocasi\u00e3o especial e a ilumina\u00e7\u00e3o criativa [&hellip;]<\/p>\n","protected":false},"author":1,"featured_media":35,"comment_status":"open","ping_status":"open","sticky":false,"template":"","format":"standard","meta":{"footnotes":""},"categories":[3],"tags":[],"class_list":["post-34","post","type-post","status-publish","format-standard","has-post-thumbnail","hentry","category-news"],"_links":{"self":[{"href":"https:\/\/radiodelsol.es\/index.php?rest_route=\/wp\/v2\/posts\/34","targetHints":{"allow":["GET"]}}],"collection":[{"href":"https:\/\/radiodelsol.es\/index.php?rest_route=\/wp\/v2\/posts"}],"about":[{"href":"https:\/\/radiodelsol.es\/index.php?rest_route=\/wp\/v2\/types\/post"}],"author":[{"embeddable":true,"href":"https:\/\/radiodelsol.es\/index.php?rest_route=\/wp\/v2\/users\/1"}],"replies":[{"embeddable":true,"href":"https:\/\/radiodelsol.es\/index.php?rest_route=%2Fwp%2Fv2%2Fcomments&post=34"}],"version-history":[{"count":1,"href":"https:\/\/radiodelsol.es\/index.php?rest_route=\/wp\/v2\/posts\/34\/revisions"}],"predecessor-version":[{"id":38,"href":"https:\/\/radiodelsol.es\/index.php?rest_route=\/wp\/v2\/posts\/34\/revisions\/38"}],"wp:featuredmedia":[{"embeddable":true,"href":"https:\/\/radiodelsol.es\/index.php?rest_route=\/wp\/v2\/media\/35"}],"wp:attachment":[{"href":"https:\/\/radiodelsol.es\/index.php?rest_route=%2Fwp%2Fv2%2Fmedia&parent=34"}],"wp:term":[{"taxonomy":"category","embeddable":true,"href":"https:\/\/radiodelsol.es\/index.php?rest_route=%2Fwp%2Fv2%2Fcategories&post=34"},{"taxonomy":"post_tag","embeddable":true,"href":"https:\/\/radiodelsol.es\/index.php?rest_route=%2Fwp%2Fv2%2Ftags&post=34"}],"curies":[{"name":"wp","href":"https:\/\/api.w.org\/{rel}","templated":true}]}}