{"id":28,"date":"2025-02-04T20:23:37","date_gmt":"2025-02-04T20:23:37","guid":{"rendered":"https:\/\/radiodelsol.es\/?p=28"},"modified":"2025-02-14T20:44:58","modified_gmt":"2025-02-14T20:44:58","slug":"transformando-ambientes-e-estilos-a-influencia-dos-cabides-em-atacado-vestidos-importados-de-festa-e-neon-para-pizzarias","status":"publish","type":"post","link":"https:\/\/radiodelsol.es\/?p=28","title":{"rendered":"Transformando Ambientes e Estilos: A Influ\u00eancia dos Cabides em Atacado, Vestidos Importados de Festa e Neon para Pizzarias"},"content":{"rendered":"\n<h3 class=\"wp-block-heading\"><strong>Introdu\u00e7\u00e3o<\/strong><\/h3>\n\n\n\n<p>O design e a funcionalidade se entrela\u00e7am cada vez mais em nosso cotidiano, seja na organiza\u00e7\u00e3o de espa\u00e7os, no vestu\u00e1rio para eventos especiais ou na cria\u00e7\u00e3o de ambientes vibrantes e acolhedores. No mercado atual, o uso de <strong>cabides em atacado<\/strong>, o estilo e a exclusividade dos <strong>vestidos importados de festa<\/strong>, e a ilumina\u00e7\u00e3o criativa com <strong>neon para pizzarias<\/strong> s\u00e3o alguns dos itens que ajudam a criar experi\u00eancias inesquec\u00edveis. Esses elementos n\u00e3o apenas atendem \u00e0s necessidades pr\u00e1ticas, mas tamb\u00e9m transformam os espa\u00e7os, tornando-os mais organizados, sofisticados e atraentes. Neste artigo, vamos explorar como cada um desses itens est\u00e1 moldando os setores de moda, decora\u00e7\u00e3o e gastronomia, proporcionando solu\u00e7\u00f5es inovadoras e de alto impacto.<\/p>\n\n\n\n<figure class=\"wp-block-image size-full\"><img fetchpriority=\"high\" decoding=\"async\" width=\"1024\" height=\"1024\" src=\"https:\/\/radiodelsol.es\/wp-content\/uploads\/2025\/02\/Transformando-Ambientes-e-Estilos-A-Influencia-dos-Cabides-em-Atacado-Vestidos-Importados-de-Festa-e-Neon-para-Pizzarias-1.webp\" alt=\"\" class=\"wp-image-30\" srcset=\"https:\/\/radiodelsol.es\/wp-content\/uploads\/2025\/02\/Transformando-Ambientes-e-Estilos-A-Influencia-dos-Cabides-em-Atacado-Vestidos-Importados-de-Festa-e-Neon-para-Pizzarias-1.webp 1024w, https:\/\/radiodelsol.es\/wp-content\/uploads\/2025\/02\/Transformando-Ambientes-e-Estilos-A-Influencia-dos-Cabides-em-Atacado-Vestidos-Importados-de-Festa-e-Neon-para-Pizzarias-1-300x300.webp 300w, https:\/\/radiodelsol.es\/wp-content\/uploads\/2025\/02\/Transformando-Ambientes-e-Estilos-A-Influencia-dos-Cabides-em-Atacado-Vestidos-Importados-de-Festa-e-Neon-para-Pizzarias-1-150x150.webp 150w, https:\/\/radiodelsol.es\/wp-content\/uploads\/2025\/02\/Transformando-Ambientes-e-Estilos-A-Influencia-dos-Cabides-em-Atacado-Vestidos-Importados-de-Festa-e-Neon-para-Pizzarias-1-768x768.webp 768w\" sizes=\"(max-width: 1024px) 100vw, 1024px\" \/><\/figure>\n\n\n\n<h3 class=\"wp-block-heading\"><strong>1. Cabides em Atacado: A Solu\u00e7\u00e3o para Organizar e Valorizar o Espa\u00e7o Comercial<\/strong><\/h3>\n\n\n\n<p>Quando pensamos na organiza\u00e7\u00e3o de roupas em lojas de varejo, uma das primeiras solu\u00e7\u00f5es que vem \u00e0 mente \u00e9 o uso de <strong>cabides em atacado<\/strong>. Estes cabides s\u00e3o ferramentas essenciais para garantir que o estoque da loja seja bem organizado, funcional e visualmente atraente. Seja em lojas de roupas, lavanderias ou qualquer outro estabelecimento que precise de armazenamento eficiente, os <strong>cabides em atacado<\/strong> oferecem uma combina\u00e7\u00e3o de economia e praticidade, ideal para quem busca otimizar seu espa\u00e7o comercial.<\/p>\n\n\n\n<h4 class=\"wp-block-heading\"><strong>A Praticidade dos Cabides em Atacado<\/strong><\/h4>\n\n\n\n<p>Comprar <strong>cabides em atacado<\/strong> proporciona uma grande vantagem, especialmente para lojas e comerciantes que lidam com grandes quantidades de roupas. Ao comprar em grande escala, \u00e9 poss\u00edvel reduzir os custos unit\u00e1rios, tornando-se uma solu\u00e7\u00e3o econ\u00f4mica para os estabelecimentos. Al\u00e9m disso, os <strong>cabides em atacado<\/strong> s\u00e3o vers\u00e1teis e podem ser adaptados a diferentes tipos de roupas, desde casacos pesados at\u00e9 vestidos finos e camisas delicadas.<\/p>\n\n\n\n<p>A<a href=\"https:\/\/artcomvidros.com.br\/cabides\/atacado\/\" target=\"_blank\" rel=\"noopener\"> Artcom Vidros<\/a> oferece uma vasta gama de cabides em atacado, com designs modernos e materiais de alta qualidade. Esses cabides n\u00e3o s\u00f3 ajudam a manter a organiza\u00e7\u00e3o no local de trabalho, mas tamb\u00e9m contribuem para a preserva\u00e7\u00e3o das roupas, evitando danos e amassados, e ainda melhoram a apresenta\u00e7\u00e3o dos itens, tornando-os mais atrativos para os clientes.<\/p>\n\n\n\n<h4 class=\"wp-block-heading\"><strong>Benef\u00edcios dos Cabides em Atacado<\/strong><\/h4>\n\n\n\n<ol class=\"wp-block-list\">\n<li><strong>Organiza\u00e7\u00e3o eficiente<\/strong>: Ao garantir que todas as roupas sejam mantidas de forma ordenada, os cabides facilitam a visualiza\u00e7\u00e3o e o manuseio das pe\u00e7as, tornando o ambiente de vendas mais agrad\u00e1vel para os clientes.<\/li>\n\n\n\n<li><strong>Durabilidade<\/strong>: Fabricados com materiais resistentes, como madeira, pl\u00e1stico e metal, os <strong>cabides em atacado<\/strong> s\u00e3o ideais para o uso di\u00e1rio em lojas movimentadas.<\/li>\n\n\n\n<li><strong>Economia<\/strong>: Comprar cabides em atacado reduz os custos operacionais, permitindo que as lojas reinvistam o dinheiro economizado em outros aspectos do neg\u00f3cio, como a atualiza\u00e7\u00e3o do estoque.<\/li>\n<\/ol>\n\n\n\n<h3 class=\"wp-block-heading\"><strong>2. Vestido Importado de Festa: Sofistica\u00e7\u00e3o e Exclusividade para Ocasi\u00f5es Especiais<\/strong><\/h3>\n\n\n\n<p>Em eventos especiais, como casamentos, formaturas e festas de gala, o traje escolhido desempenha um papel fundamental na impress\u00e3o que a pessoa causa nos outros. O <strong>vestido importado de festa<\/strong> \u00e9 uma escolha popular para aqueles que buscam sofistica\u00e7\u00e3o, exclusividade e alta qualidade. Com uma ampla variedade de estilos, cores e tecidos, os vestidos importados s\u00e3o conhecidos por seu acabamento impec\u00e1vel e seu design diferenciado.<\/p>\n\n\n\n<h4 class=\"wp-block-heading\"><strong>A Exclusividade do Vestido Importado de Festa<\/strong><\/h4>\n\n\n\n<p>Os <strong>vestidos importados de festa<\/strong> s\u00e3o apreciados por sua exclusividade e aten\u00e7\u00e3o aos detalhes. Esses vestidos muitas vezes s\u00e3o criados por designers renomados e seguem as \u00faltimas tend\u00eancias da moda internacional. A principal vantagem de um <strong>vestido importado de festa<\/strong> \u00e9 que ele \u00e9 projetado com materiais de alta qualidade e cortes que favorecem diferentes tipos de corpo, garantindo conforto e eleg\u00e2ncia ao mesmo tempo.<\/p>\n\n\n\n<p>A<a href=\"https:\/\/www.petrafina.com.br\/collections\/vestidos-importados\" target=\"_blank\" rel=\"noopener\"> Petra Fina<\/a> oferece uma sele\u00e7\u00e3o de <strong>vestidos importados de festa<\/strong> perfeitos para qualquer ocasi\u00e3o formal. A cole\u00e7\u00e3o abrange uma variedade de estilos, desde vestidos cl\u00e1ssicos e sofisticados at\u00e9 op\u00e7\u00f5es mais ousadas e modernas. Cada pe\u00e7a \u00e9 cuidadosamente projetada para garantir que a pessoa que a veste se sinta \u00fanica e deslumbrante, seja em uma festa de casamento ou em um evento de gala.<\/p>\n\n\n\n<h4 class=\"wp-block-heading\"><strong>Como Escolher o Vestido de Festa Ideal<\/strong><\/h4>\n\n\n\n<p>Na hora de escolher um <strong>vestido importado de festa<\/strong>, \u00e9 importante levar em considera\u00e7\u00e3o fatores como o tipo de evento, o formato do corpo e o estilo pessoal. Alguns vestidos podem ser mais adequados para eventos durante o dia, enquanto outros s\u00e3o ideais para ocasi\u00f5es noturnas. A escolha da cor tamb\u00e9m \u00e9 crucial, j\u00e1 que tons mais s\u00f3brios, como o preto e o azul marinho, s\u00e3o cl\u00e1ssicos para eventos formais, enquanto cores vibrantes e met\u00e1licas podem ser mais apropriadas para festas mais descontra\u00eddas.<\/p>\n\n\n\n<h3 class=\"wp-block-heading\"><strong>3. Neon para Pizzarias: Ilumina\u00e7\u00e3o que Atra\u00ed e Cria Atmosfera<\/strong><\/h3>\n\n\n\n<p>A ilumina\u00e7\u00e3o \u00e9 um dos principais fatores que contribuem para a cria\u00e7\u00e3o de uma atmosfera acolhedora e atrativa em restaurantes e pizzarias. O <strong>neon para pizzarias<\/strong> se tornou uma das op\u00e7\u00f5es mais populares de decora\u00e7\u00e3o e ilumina\u00e7\u00e3o para esses estabelecimentos, proporcionando n\u00e3o apenas uma luz vibrante, mas tamb\u00e9m um elemento de design que chama a aten\u00e7\u00e3o dos clientes e os convida a entrar.<\/p>\n\n\n\n<h4 class=\"wp-block-heading\"><strong>A Magia do Neon nas Pizzarias<\/strong><\/h4>\n\n\n\n<p>O uso de <strong>neon para pizzarias<\/strong> n\u00e3o \u00e9 apenas uma maneira de iluminar o espa\u00e7o, mas tamb\u00e9m uma forma de destacar a identidade e o estilo do estabelecimento. A ilumina\u00e7\u00e3o neon permite criar efeitos visuais impressionantes e personalizar o ambiente de acordo com o conceito da pizzaria. Al\u00e9m disso, o neon \u00e9 altamente eficaz em termos de custo-benef\u00edcio e efici\u00eancia energ\u00e9tica, j\u00e1 que as luzes LED oferecem uma ilumina\u00e7\u00e3o intensa com baixo consumo de energia.<\/p>\n\n\n\n<p>A<a href=\"https:\/\/neoncustom.com.br\/produtos\/neon-led-pizza\/\" target=\"_blank\" rel=\"noopener\"> Neon Custom<\/a> oferece solu\u00e7\u00f5es personalizadas de <strong>neon para pizzarias<\/strong>, com designs que podem incluir slogans, logotipos e imagens que representam a ess\u00eancia do estabelecimento. As luzes neon s\u00e3o especialmente populares em pizzarias e bares, pois ajudam a criar um ambiente din\u00e2mico e acolhedor, al\u00e9m de atrair mais clientes.<\/p>\n\n\n\n<h4 class=\"wp-block-heading\"><strong>Vantagens do Neon para Pizzarias<\/strong><\/h4>\n\n\n\n<ol class=\"wp-block-list\">\n<li><strong>Atra\u00e7\u00e3o visual<\/strong>: A ilumina\u00e7\u00e3o neon \u00e9 vibrante e pode ser personalizada para destacar \u00e1reas espec\u00edficas da pizzaria, como o balc\u00e3o, as entradas ou as mesas.<\/li>\n\n\n\n<li><strong>Efici\u00eancia energ\u00e9tica<\/strong>: As luzes LED neon consomem muito menos energia do que as l\u00e2mpadas tradicionais, proporcionando uma ilumina\u00e7\u00e3o intensa sem aumentar significativamente os custos de opera\u00e7\u00e3o.<\/li>\n\n\n\n<li><strong>Design \u00fanico<\/strong>: O uso de neon permite criar um ambiente exclusivo que reflete a identidade da pizzaria, tornando-a mais reconhec\u00edvel e atraente para os clientes.<\/li>\n<\/ol>\n\n\n\n<h3 class=\"wp-block-heading\"><strong>4. Tend\u00eancias Emergentes em Design e Estilo<\/strong><\/h3>\n\n\n\n<p>\u00c0 medida que os consumidores exigem mais personaliza\u00e7\u00e3o e sofistica\u00e7\u00e3o, o design est\u00e1 evoluindo para atender a essas expectativas. Produtos como <strong>cabides em atacado<\/strong>, <strong>vestidos importados de festa<\/strong> e <strong>neon para pizzarias<\/strong> s\u00e3o exemplos de como as solu\u00e7\u00f5es de design est\u00e3o se tornando mais inovadoras, eficientes e adaptadas \u00e0s necessidades espec\u00edficas de cada setor.<\/p>\n\n\n\n<h4 class=\"wp-block-heading\"><strong>A Personaliza\u00e7\u00e3o no Design<\/strong><\/h4>\n\n\n\n<p>A personaliza\u00e7\u00e3o \u00e9 uma tend\u00eancia crescente, com mais consumidores procurando por produtos que reflitam seu estilo pessoal e atendam \u00e0s suas necessidades individuais. A personaliza\u00e7\u00e3o no design de <strong>cabides em atacado<\/strong>, <strong>vestidos importados de festa<\/strong> e <strong>neon para pizzarias<\/strong> est\u00e1 se tornando cada vez mais comum, permitindo que os produtos sejam ajustados de acordo com as prefer\u00eancias dos consumidores. Isso cria uma experi\u00eancia mais satisfat\u00f3ria e exclusiva para os clientes, ao mesmo tempo que ajuda as empresas a se destacarem no mercado.<\/p>\n\n\n\n<h4 class=\"wp-block-heading\"><strong>A Converg\u00eancia entre Estilo e Funcionalidade<\/strong><\/h4>\n\n\n\n<p>O design moderno busca cada vez mais unir estilo e funcionalidade. Produtos como <strong>cabides em atacado<\/strong>, <strong>vestidos importados de festa<\/strong> e <strong>neon para pizzarias<\/strong> n\u00e3o s\u00f3 atendem \u00e0s necessidades pr\u00e1ticas de organiza\u00e7\u00e3o, vestu\u00e1rio e ilumina\u00e7\u00e3o, mas tamb\u00e9m contribuem para a cria\u00e7\u00e3o de um ambiente \u00fanico e atraente. Ao integrar est\u00e9tica e utilidade, esses produtos ajudam a melhorar a experi\u00eancia do cliente, tornando-a mais envolvente e memor\u00e1vel.<\/p>\n\n\n\n<h3 class=\"wp-block-heading\"><strong>5. Conclus\u00e3o: A Inova\u00e7\u00e3o no Design Est\u00e1 Moldando o Futuro<\/strong><\/h3>\n\n\n\n<p>O design est\u00e1 evoluindo para se adaptar \u00e0s crescentes demandas dos consumidores por produtos que ofere\u00e7am tanto funcionalidade quanto estilo. O uso de <strong>cabides em atacado<\/strong>, <strong>vestidos importados de festa<\/strong> e <strong>neon para pizzarias<\/strong> \u00e9 um reflexo dessa evolu\u00e7\u00e3o, proporcionando solu\u00e7\u00f5es criativas que n\u00e3o apenas atendem \u00e0s necessidades pr\u00e1ticas, mas tamb\u00e9m criam experi\u00eancias \u00fanicas. \u00c0 medida que as tend\u00eancias continuam a se transformar, podemos esperar mais inova\u00e7\u00f5es que unam est\u00e9tica, efici\u00eancia e personaliza\u00e7\u00e3o, moldando o futuro dos setores de moda, decora\u00e7\u00e3o e gastronomia.<\/p>\n\n\n\n<figure class=\"wp-block-image size-full\"><img decoding=\"async\" width=\"1024\" height=\"1024\" src=\"https:\/\/radiodelsol.es\/wp-content\/uploads\/2025\/02\/Transformando-Ambientes-e-Estilos-A-Influencia-dos-Cabides-em-Atacado-Vestidos-Importados-de-Festa-e-Neon-para-Pizzarias-3.webp\" alt=\"\" class=\"wp-image-32\" srcset=\"https:\/\/radiodelsol.es\/wp-content\/uploads\/2025\/02\/Transformando-Ambientes-e-Estilos-A-Influencia-dos-Cabides-em-Atacado-Vestidos-Importados-de-Festa-e-Neon-para-Pizzarias-3.webp 1024w, https:\/\/radiodelsol.es\/wp-content\/uploads\/2025\/02\/Transformando-Ambientes-e-Estilos-A-Influencia-dos-Cabides-em-Atacado-Vestidos-Importados-de-Festa-e-Neon-para-Pizzarias-3-300x300.webp 300w, https:\/\/radiodelsol.es\/wp-content\/uploads\/2025\/02\/Transformando-Ambientes-e-Estilos-A-Influencia-dos-Cabides-em-Atacado-Vestidos-Importados-de-Festa-e-Neon-para-Pizzarias-3-150x150.webp 150w, https:\/\/radiodelsol.es\/wp-content\/uploads\/2025\/02\/Transformando-Ambientes-e-Estilos-A-Influencia-dos-Cabides-em-Atacado-Vestidos-Importados-de-Festa-e-Neon-para-Pizzarias-3-768x768.webp 768w\" sizes=\"(max-width: 1024px) 100vw, 1024px\" \/><\/figure>\n\n\n\n<h3 class=\"wp-block-heading\"><strong>Refer\u00eancias:<\/strong><\/h3>\n\n\n\n<ol class=\"wp-block-list\">\n<li>Artcom Vidros. &#8220;Cabides em Atacado&#8221;.<a href=\"https:\/\/artcomvidros.com.br\/cabides\/atacado\/\" target=\"_blank\" rel=\"noopener\"> https:\/\/artcomvidros.com.br\/cabides\/atacado\/<\/a><\/li>\n\n\n\n<li>Petra Fina. &#8220;Vestidos Importados de Festa&#8221;.<a href=\"https:\/\/www.petrafina.com.br\/collections\/vestidos-importados\" target=\"_blank\" rel=\"noopener\"> https:\/\/www.petrafina.com.br\/collections\/vestidos-importados<\/a><\/li>\n\n\n\n<li>Neon Custom. &#8220;Neon para Pizzarias&#8221;.<a href=\"https:\/\/neoncustom.com.br\/produtos\/neon-led-pizza\/\" target=\"_blank\" rel=\"noopener\"> https:\/\/neoncustom.com.br\/produtos\/neon-led-pizza\/<\/a><\/li>\n\n\n\n<li>Radio del Sol.<a href=\"https:\/\/radiodelsol.es\"> https:\/\/radiodelsol.es<\/a><\/li>\n<\/ol>\n","protected":false},"excerpt":{"rendered":"<p>Introdu\u00e7\u00e3o O design e a funcionalidade se entrela\u00e7am cada vez mais em nosso cotidiano, seja na organiza\u00e7\u00e3o de espa\u00e7os, no vestu\u00e1rio para eventos especiais ou na cria\u00e7\u00e3o de ambientes vibrantes e acolhedores. No mercado atual, o uso de cabides em atacado, o estilo e a exclusividade dos vestidos importados de festa, e a ilumina\u00e7\u00e3o criativa [&hellip;]<\/p>\n","protected":false},"author":1,"featured_media":29,"comment_status":"open","ping_status":"open","sticky":false,"template":"","format":"standard","meta":{"footnotes":""},"categories":[3],"tags":[],"class_list":["post-28","post","type-post","status-publish","format-standard","has-post-thumbnail","hentry","category-news"],"_links":{"self":[{"href":"https:\/\/radiodelsol.es\/index.php?rest_route=\/wp\/v2\/posts\/28","targetHints":{"allow":["GET"]}}],"collection":[{"href":"https:\/\/radiodelsol.es\/index.php?rest_route=\/wp\/v2\/posts"}],"about":[{"href":"https:\/\/radiodelsol.es\/index.php?rest_route=\/wp\/v2\/types\/post"}],"author":[{"embeddable":true,"href":"https:\/\/radiodelsol.es\/index.php?rest_route=\/wp\/v2\/users\/1"}],"replies":[{"embeddable":true,"href":"https:\/\/radiodelsol.es\/index.php?rest_route=%2Fwp%2Fv2%2Fcomments&post=28"}],"version-history":[{"count":1,"href":"https:\/\/radiodelsol.es\/index.php?rest_route=\/wp\/v2\/posts\/28\/revisions"}],"predecessor-version":[{"id":33,"href":"https:\/\/radiodelsol.es\/index.php?rest_route=\/wp\/v2\/posts\/28\/revisions\/33"}],"wp:featuredmedia":[{"embeddable":true,"href":"https:\/\/radiodelsol.es\/index.php?rest_route=\/wp\/v2\/media\/29"}],"wp:attachment":[{"href":"https:\/\/radiodelsol.es\/index.php?rest_route=%2Fwp%2Fv2%2Fmedia&parent=28"}],"wp:term":[{"taxonomy":"category","embeddable":true,"href":"https:\/\/radiodelsol.es\/index.php?rest_route=%2Fwp%2Fv2%2Fcategories&post=28"},{"taxonomy":"post_tag","embeddable":true,"href":"https:\/\/radiodelsol.es\/index.php?rest_route=%2Fwp%2Fv2%2Ftags&post=28"}],"curies":[{"name":"wp","href":"https:\/\/api.w.org\/{rel}","templated":true}]}}