{"id":135,"date":"2025-09-22T19:06:00","date_gmt":"2025-09-22T19:06:00","guid":{"rendered":"https:\/\/radiodelsol.es\/?p=135"},"modified":"2025-08-16T19:21:05","modified_gmt":"2025-08-16T19:21:05","slug":"arara-roupa-loja-organizacao-e-estilo-que-potencializam-vendas","status":"publish","type":"post","link":"https:\/\/radiodelsol.es\/?p=135","title":{"rendered":"Arara Roupa Loja: Organiza\u00e7\u00e3o e Estilo que Potencializam Vendas"},"content":{"rendered":"\n<p>A<a href=\"https:\/\/artcomvidros.com.br\/araras-de-roupas\/\" target=\"_blank\" rel=\"noopener\"> <strong>arara roupa loja<\/strong><\/a> \u00e9 uma solu\u00e7\u00e3o pr\u00e1tica e elegante para expor roupas de forma organizada, facilitando a visualiza\u00e7\u00e3o e escolha pelo cliente. Al\u00e9m de otimizar espa\u00e7o, ela ajuda a criar uma experi\u00eancia de compra agrad\u00e1vel e eficiente.<\/p>\n\n\n\n<hr class=\"wp-block-separator has-alpha-channel-opacity\"\/>\n\n\n\n<h2 class=\"wp-block-heading\"><strong>Benef\u00edcios das araras para lojas de roupa<\/strong><\/h2>\n\n\n\n<ul class=\"wp-block-list\">\n<li><strong>Organiza\u00e7\u00e3o eficiente<\/strong> \u2013 Mant\u00e9m as pe\u00e7as alinhadas e vis\u00edveis.<br><\/li>\n\n\n\n<li><strong>Melhor aproveitamento do espa\u00e7o<\/strong> \u2013 Organiza\u00e7\u00e3o vertical que libera \u00e1reas de circula\u00e7\u00e3o.<br><\/li>\n\n\n\n<li><strong>Facilidade na reposi\u00e7\u00e3o<\/strong> \u2013 Troca r\u00e1pida de cole\u00e7\u00f5es e pe\u00e7as.<br><\/li>\n\n\n\n<li><strong>Atra\u00e7\u00e3o visual<\/strong> \u2013 Valoriza o ambiente e desperta interesse.<br><\/li>\n<\/ul>\n\n\n\n<hr class=\"wp-block-separator has-alpha-channel-opacity\"\/>\n\n\n\n<h2 class=\"wp-block-heading\"><strong>Modelos de araras para lojas<\/strong><\/h2>\n\n\n\n<ul class=\"wp-block-list\">\n<li><strong>Araras fixas de parede<\/strong> \u2013 Ideal para espa\u00e7os compactos.<br><\/li>\n\n\n\n<li><strong>Araras centrais m\u00f3veis<\/strong> \u2013 Flex\u00edveis e f\u00e1ceis de reposicionar.<br><\/li>\n\n\n\n<li><strong>Araras ajust\u00e1veis<\/strong> \u2013 Adaptam-se a diferentes tamanhos e tipos de roupas.<br><\/li>\n\n\n\n<li><strong>Araras com prateleiras<\/strong> \u2013 Permitem exposi\u00e7\u00e3o de roupas e acess\u00f3rios juntos.<br><\/li>\n<\/ul>\n\n\n\n<p>A<a href=\"https:\/\/artcomvidros.com.br\/\" target=\"_blank\" rel=\"noopener\"> <strong>ArtCom Vidros<\/strong><\/a> oferece araras de qualidade, que unem resist\u00eancia e design moderno.<\/p>\n\n\n\n<hr class=\"wp-block-separator has-alpha-channel-opacity\"\/>\n\n\n\n<h2 class=\"wp-block-heading\"><strong>Como posicionar araras para otimizar o espa\u00e7o<\/strong><\/h2>\n\n\n\n<ul class=\"wp-block-list\">\n<li>Coloque as araras pr\u00f3ximas a<a href=\"https:\/\/artcomvidros.com.br\/manequim\/bustos-e-meio-corpos\/\" target=\"_blank\" rel=\"noopener\"> manequins<\/a> para inspirar combina\u00e7\u00f5es.<br><\/li>\n\n\n\n<li>Organize as pe\u00e7as por categoria, cor ou tamanho para facilitar a busca.<br><\/li>\n\n\n\n<li>Distribua as araras para garantir conforto e fluidez na circula\u00e7\u00e3o.<br><\/li>\n<\/ul>\n\n\n\n<hr class=\"wp-block-separator has-alpha-channel-opacity\"\/>\n\n\n\n<h2 class=\"wp-block-heading\"><strong>Complementos para um visual completo<\/strong><\/h2>\n\n\n\n<p>Utilize<a href=\"https:\/\/artcomvidros.com.br\/cabides\/cabides-de-madeira\/\" target=\"_blank\" rel=\"noopener\"> cabides de madeira<\/a> para agregar sofistica\u00e7\u00e3o e<a href=\"https:\/\/artcomvidros.com.br\/etiquetas-de-precos\/\" target=\"_blank\" rel=\"noopener\"> etiquetas de precifica\u00e7\u00e3o<\/a> para facilitar a identifica\u00e7\u00e3o dos produtos.<\/p>\n\n\n\n<hr class=\"wp-block-separator has-alpha-channel-opacity\"\/>\n\n\n\n<h2 class=\"wp-block-heading\"><strong>Conclus\u00e3o<\/strong><\/h2>\n\n\n\n<p>As<a href=\"https:\/\/artcomvidros.com.br\/araras-de-roupas\/\" target=\"_blank\" rel=\"noopener\"> <strong>arara roupa loja<\/strong><\/a> s\u00e3o essenciais para quem deseja unir organiza\u00e7\u00e3o, estilo e funcionalidade, proporcionando um ambiente de compra agrad\u00e1vel e eficiente.<\/p>\n\n\n\n<p>Para saber mais sobre sistemas de exposi\u00e7\u00e3o, a Wikip\u00e9dia \u00e9 uma excelente refer\u00eancia.<\/p>\n","protected":false},"excerpt":{"rendered":"<p>A arara roupa loja \u00e9 uma solu\u00e7\u00e3o pr\u00e1tica e elegante para expor roupas de forma organizada, facilitando a visualiza\u00e7\u00e3o e escolha pelo cliente. Al\u00e9m de otimizar espa\u00e7o, ela ajuda a criar uma experi\u00eancia de compra agrad\u00e1vel e eficiente. Benef\u00edcios das araras para lojas de roupa Modelos de araras para lojas A ArtCom Vidros oferece araras [&hellip;]<\/p>\n","protected":false},"author":1,"featured_media":136,"comment_status":"open","ping_status":"open","sticky":false,"template":"","format":"standard","meta":{"footnotes":""},"categories":[3],"tags":[],"class_list":["post-135","post","type-post","status-publish","format-standard","has-post-thumbnail","hentry","category-news"],"_links":{"self":[{"href":"https:\/\/radiodelsol.es\/index.php?rest_route=\/wp\/v2\/posts\/135","targetHints":{"allow":["GET"]}}],"collection":[{"href":"https:\/\/radiodelsol.es\/index.php?rest_route=\/wp\/v2\/posts"}],"about":[{"href":"https:\/\/radiodelsol.es\/index.php?rest_route=\/wp\/v2\/types\/post"}],"author":[{"embeddable":true,"href":"https:\/\/radiodelsol.es\/index.php?rest_route=\/wp\/v2\/users\/1"}],"replies":[{"embeddable":true,"href":"https:\/\/radiodelsol.es\/index.php?rest_route=%2Fwp%2Fv2%2Fcomments&post=135"}],"version-history":[{"count":1,"href":"https:\/\/radiodelsol.es\/index.php?rest_route=\/wp\/v2\/posts\/135\/revisions"}],"predecessor-version":[{"id":137,"href":"https:\/\/radiodelsol.es\/index.php?rest_route=\/wp\/v2\/posts\/135\/revisions\/137"}],"wp:featuredmedia":[{"embeddable":true,"href":"https:\/\/radiodelsol.es\/index.php?rest_route=\/wp\/v2\/media\/136"}],"wp:attachment":[{"href":"https:\/\/radiodelsol.es\/index.php?rest_route=%2Fwp%2Fv2%2Fmedia&parent=135"}],"wp:term":[{"taxonomy":"category","embeddable":true,"href":"https:\/\/radiodelsol.es\/index.php?rest_route=%2Fwp%2Fv2%2Fcategories&post=135"},{"taxonomy":"post_tag","embeddable":true,"href":"https:\/\/radiodelsol.es\/index.php?rest_route=%2Fwp%2Fv2%2Ftags&post=135"}],"curies":[{"name":"wp","href":"https:\/\/api.w.org\/{rel}","templated":true}]}}