{"id":132,"date":"2025-09-25T18:48:00","date_gmt":"2025-09-25T18:48:00","guid":{"rendered":"https:\/\/radiodelsol.es\/?p=132"},"modified":"2025-08-16T19:03:26","modified_gmt":"2025-08-16T19:03:26","slug":"balcao-de-vidro-design-moderno-e-seguranca-para-sua-loja","status":"publish","type":"post","link":"https:\/\/radiodelsol.es\/?p=132","title":{"rendered":"Balc\u00e3o de Vidro: Design Moderno e Seguran\u00e7a para Sua Loja"},"content":{"rendered":"\n<p>O<a href=\"https:\/\/artcomvidros.com.br\/balcoes\/modulados\/\" target=\"_blank\" rel=\"noopener\"> <strong>balc\u00e3o de vidro<\/strong><\/a> \u00e9 um elemento indispens\u00e1vel para quem deseja expor produtos com eleg\u00e2ncia, protegendo-os e facilitando o atendimento. Sua transpar\u00eancia valoriza os itens e contribui para um ambiente organizado e sofisticado.<\/p>\n\n\n\n<hr class=\"wp-block-separator has-alpha-channel-opacity\"\/>\n\n\n\n<h2 class=\"wp-block-heading\"><strong>Por que escolher balc\u00e3o de vidro?<\/strong><\/h2>\n\n\n\n<ul class=\"wp-block-list\">\n<li><strong>Visibilidade total<\/strong> \u2013 Os clientes visualizam os produtos de forma clara e atraente.<br><\/li>\n\n\n\n<li><strong>Prote\u00e7\u00e3o<\/strong> \u2013 Evita contato direto, sujeira e danos \u00e0s mercadorias.<br><\/li>\n\n\n\n<li><strong>Funcionalidade<\/strong> \u2013 Pode ser usado tanto para exposi\u00e7\u00e3o quanto para atendimento.<br><\/li>\n\n\n\n<li><strong>Versatilidade<\/strong> \u2013 Adequado para v\u00e1rios segmentos e tipos de produtos.<br><\/li>\n<\/ul>\n\n\n\n<hr class=\"wp-block-separator has-alpha-channel-opacity\"\/>\n\n\n\n<h2 class=\"wp-block-heading\"><strong>Aplica\u00e7\u00f5es do balc\u00e3o de vidro<\/strong><\/h2>\n\n\n\n<ul class=\"wp-block-list\">\n<li>Lojas de moda e acess\u00f3rios.<br><\/li>\n\n\n\n<li>Joalherias e \u00f3ticas.<br><\/li>\n\n\n\n<li>Espa\u00e7os para eletr\u00f4nicos e gadgets.<br><\/li>\n\n\n\n<li>Feiras e eventos comerciais.<br><\/li>\n<\/ul>\n\n\n\n<p>Para um visual completo, combine com<a href=\"https:\/\/artcomvidros.com.br\/vitrines-de-vidro\/\" target=\"_blank\" rel=\"noopener\"> vitrines de vidro<\/a> e<a href=\"https:\/\/artcomvidros.com.br\/manequim\/bustos-e-meio-corpos\/\" target=\"_blank\" rel=\"noopener\"> manequins bustos<\/a>.<\/p>\n\n\n\n<hr class=\"wp-block-separator has-alpha-channel-opacity\"\/>\n\n\n\n<h2 class=\"wp-block-heading\"><strong>Como escolher o balc\u00e3o ideal<\/strong><\/h2>\n\n\n\n<ul class=\"wp-block-list\">\n<li><strong>Dimens\u00e3o compat\u00edvel<\/strong> com o espa\u00e7o dispon\u00edvel.<br><\/li>\n\n\n\n<li><strong>Acabamento resistente e elegante<\/strong> para maior durabilidade.<br><\/li>\n\n\n\n<li><strong>Ilumina\u00e7\u00e3o interna<\/strong> que destaca os produtos expostos.<br><\/li>\n<\/ul>\n\n\n\n<p>A<a href=\"https:\/\/artcomvidros.com.br\/\" target=\"_blank\" rel=\"noopener\"> <strong>ArtCom Vidros<\/strong><\/a> oferece balc\u00f5es de vidro de qualidade superior, com design moderno e estrutura robusta.<\/p>\n\n\n\n<hr class=\"wp-block-separator has-alpha-channel-opacity\"\/>\n\n\n\n<h2 class=\"wp-block-heading\"><strong>Cuidados na manuten\u00e7\u00e3o<\/strong><\/h2>\n\n\n\n<ul class=\"wp-block-list\">\n<li>Limpeza peri\u00f3dica com produtos espec\u00edficos para vidro.<br><\/li>\n\n\n\n<li>Evitar sobrecarga para preservar a estrutura.<br><\/li>\n\n\n\n<li>Verificar fechaduras e suportes para garantir seguran\u00e7a.<br><\/li>\n<\/ul>\n\n\n\n<hr class=\"wp-block-separator has-alpha-channel-opacity\"\/>\n\n\n\n<h2 class=\"wp-block-heading\"><strong>Conclus\u00e3o<\/strong><\/h2>\n\n\n\n<p>O<a href=\"https:\/\/artcomvidros.com.br\/balcoes\/modulados\/\" target=\"_blank\" rel=\"noopener\"> <strong>balc\u00e3o de vidro<\/strong><\/a> une est\u00e9tica, prote\u00e7\u00e3o e funcionalidade, sendo um investimento que valoriza qualquer neg\u00f3cio e aprimora a experi\u00eancia do cliente.<\/p>\n\n\n\n<p>Para saber mais sobre expositores comerciais, a Wikip\u00e9dia \u00e9 uma fonte confi\u00e1vel e detalhada.<\/p>\n","protected":false},"excerpt":{"rendered":"<p>O balc\u00e3o de vidro \u00e9 um elemento indispens\u00e1vel para quem deseja expor produtos com eleg\u00e2ncia, protegendo-os e facilitando o atendimento. Sua transpar\u00eancia valoriza os itens e contribui para um ambiente organizado e sofisticado. Por que escolher balc\u00e3o de vidro? Aplica\u00e7\u00f5es do balc\u00e3o de vidro Para um visual completo, combine com vitrines de vidro e manequins [&hellip;]<\/p>\n","protected":false},"author":1,"featured_media":133,"comment_status":"open","ping_status":"open","sticky":false,"template":"","format":"standard","meta":{"footnotes":""},"categories":[3],"tags":[],"class_list":["post-132","post","type-post","status-publish","format-standard","has-post-thumbnail","hentry","category-news"],"_links":{"self":[{"href":"https:\/\/radiodelsol.es\/index.php?rest_route=\/wp\/v2\/posts\/132","targetHints":{"allow":["GET"]}}],"collection":[{"href":"https:\/\/radiodelsol.es\/index.php?rest_route=\/wp\/v2\/posts"}],"about":[{"href":"https:\/\/radiodelsol.es\/index.php?rest_route=\/wp\/v2\/types\/post"}],"author":[{"embeddable":true,"href":"https:\/\/radiodelsol.es\/index.php?rest_route=\/wp\/v2\/users\/1"}],"replies":[{"embeddable":true,"href":"https:\/\/radiodelsol.es\/index.php?rest_route=%2Fwp%2Fv2%2Fcomments&post=132"}],"version-history":[{"count":1,"href":"https:\/\/radiodelsol.es\/index.php?rest_route=\/wp\/v2\/posts\/132\/revisions"}],"predecessor-version":[{"id":134,"href":"https:\/\/radiodelsol.es\/index.php?rest_route=\/wp\/v2\/posts\/132\/revisions\/134"}],"wp:featuredmedia":[{"embeddable":true,"href":"https:\/\/radiodelsol.es\/index.php?rest_route=\/wp\/v2\/media\/133"}],"wp:attachment":[{"href":"https:\/\/radiodelsol.es\/index.php?rest_route=%2Fwp%2Fv2%2Fmedia&parent=132"}],"wp:term":[{"taxonomy":"category","embeddable":true,"href":"https:\/\/radiodelsol.es\/index.php?rest_route=%2Fwp%2Fv2%2Fcategories&post=132"},{"taxonomy":"post_tag","embeddable":true,"href":"https:\/\/radiodelsol.es\/index.php?rest_route=%2Fwp%2Fv2%2Ftags&post=132"}],"curies":[{"name":"wp","href":"https:\/\/api.w.org\/{rel}","templated":true}]}}