{"id":116,"date":"2025-08-03T19:03:49","date_gmt":"2025-08-03T19:03:49","guid":{"rendered":"https:\/\/radiodelsol.es\/?p=116"},"modified":"2025-08-11T19:06:06","modified_gmt":"2025-08-11T19:06:06","slug":"cardigan-o-aliado-versatil-para-todas-as-estacoes","status":"publish","type":"post","link":"https:\/\/radiodelsol.es\/?p=116","title":{"rendered":"Cardigan: o aliado vers\u00e1til para todas as esta\u00e7\u00f5es"},"content":{"rendered":"\n<p>H\u00e1 pe\u00e7as no guarda-roupa que nunca saem de moda e acompanham diferentes estilos, idades e ocasi\u00f5es. O <strong>cardigan<\/strong> \u00e9 exatamente assim: um cl\u00e1ssico que se reinventa a cada temporada, mantendo-se relevante tanto no frio intenso quanto nas temperaturas amenas.<\/p>\n\n\n\n<p>Neste artigo, vamos explorar a hist\u00f3ria, os estilos, as combina\u00e7\u00f5es e as vantagens de investir em um<a href=\"https:\/\/www.bonassatricot.com.br\/inverno\/cardigan\" target=\"_blank\" rel=\"noopener\"> <strong>cardigan<\/strong><\/a> de qualidade, especialmente quando produzido com t\u00e9cnicas que unem tradi\u00e7\u00e3o e inova\u00e7\u00e3o, como as da Bonassa Tricot.<\/p>\n\n\n\n<hr class=\"wp-block-separator has-alpha-channel-opacity\"\/>\n\n\n\n<h2 class=\"wp-block-heading\"><strong>A hist\u00f3ria e a ess\u00eancia do cardigan<\/strong><\/h2>\n\n\n\n<p>O <strong>cardigan<\/strong> tem origem no s\u00e9culo XIX e recebeu esse nome em homenagem a James Thomas Brudenell, o 7\u00ba Conde de Cardigan, que popularizou a pe\u00e7a entre militares brit\u00e2nicos. Inicialmente, era um casaco de l\u00e3 abotoado, ideal para manter o corpo aquecido sem comprometer a mobilidade.<\/p>\n\n\n\n<p>Com o passar dos anos, essa pe\u00e7a se adaptou \u00e0s necessidades da moda urbana. Hoje, um<a href=\"https:\/\/www.bonassatricot.com.br\/inverno\/cardigan\" target=\"_blank\" rel=\"noopener\"> <strong>cardigan<\/strong><\/a> pode ser encontrado em diferentes comprimentos, tecidos e cortes \u2014 do modelo mais b\u00e1sico ao sofisticado, com detalhes em renda, tric\u00f4 artesanal ou acabamentos modernos.<\/p>\n\n\n\n<hr class=\"wp-block-separator has-alpha-channel-opacity\"\/>\n\n\n\n<h2 class=\"wp-block-heading\"><strong>Por que o cardigan \u00e9 indispens\u00e1vel?<\/strong><\/h2>\n\n\n\n<ol class=\"wp-block-list\">\n<li><strong>Versatilidade<\/strong>: combina com looks formais e informais.<br><\/li>\n\n\n\n<li><strong>Conforto<\/strong>: ideal para sobreposi\u00e7\u00e3o sem pesar no visual.<br><\/li>\n\n\n\n<li><strong>Durabilidade<\/strong>: quando feito com bons materiais, pode durar anos.<br><\/li>\n\n\n\n<li><strong>Estilo atemporal<\/strong>: nunca sai de moda, adaptando-se \u00e0s tend\u00eancias.<br><\/li>\n<\/ol>\n\n\n\n<p>Investir em um bom<a href=\"https:\/\/www.bonassatricot.com.br\/inverno\/cardigan\" target=\"_blank\" rel=\"noopener\"> <strong>cardigan<\/strong><\/a> \u00e9 garantir uma pe\u00e7a curinga no guarda-roupa.<\/p>\n\n\n\n<hr class=\"wp-block-separator has-alpha-channel-opacity\"\/>\n\n\n\n<h2 class=\"wp-block-heading\"><strong>Estilos de cardigan para explorar<\/strong><\/h2>\n\n\n\n<ul class=\"wp-block-list\">\n<li><strong>Cl\u00e1ssico abotoado<\/strong>: perfeito para ambientes de trabalho.<br><\/li>\n\n\n\n<li><strong>Oversized<\/strong>: toque moderno e despojado.<br><\/li>\n\n\n\n<li><strong>Alongado<\/strong>: \u00f3timo para criar silhueta elegante.<br><\/li>\n\n\n\n<li><strong>Com textura ou tran\u00e7as<\/strong>: ideal para dias frios, trazendo aconchego visual.<br><\/li>\n<\/ul>\n\n\n\n<p>Independentemente do estilo, um<a href=\"https:\/\/www.bonassatricot.com.br\/inverno\/cardigan\" target=\"_blank\" rel=\"noopener\"> <strong>cardigan<\/strong><\/a> bem escolhido valoriza qualquer produ\u00e7\u00e3o.<\/p>\n\n\n\n<hr class=\"wp-block-separator has-alpha-channel-opacity\"\/>\n\n\n\n<h2 class=\"wp-block-heading\"><strong>Como usar cardigan em diferentes ocasi\u00f5es<\/strong><\/h2>\n\n\n\n<ul class=\"wp-block-list\">\n<li><strong>No trabalho<\/strong>: combine com camisa e cal\u00e7a alfaiatada.<br><\/li>\n\n\n\n<li><strong>No lazer<\/strong>: use com jeans e camiseta b\u00e1sica.<br><\/li>\n\n\n\n<li><strong>Em eventos noturnos<\/strong>: opte por um modelo com brilho discreto ou detalhes sofisticados.<br><\/li>\n\n\n\n<li><strong>Para viagens<\/strong>: escolha um<a href=\"https:\/\/www.bonassatricot.com.br\/inverno\/cardigan\" target=\"_blank\" rel=\"noopener\"> <strong>cardigan<\/strong><\/a> confort\u00e1vel e neutro, f\u00e1cil de combinar.<br><\/li>\n<\/ul>\n\n\n\n<p>A chave est\u00e1 na sobreposi\u00e7\u00e3o inteligente: misture texturas, cores e acess\u00f3rios para criar diferentes propostas.<\/p>\n\n\n\n<hr class=\"wp-block-separator has-alpha-channel-opacity\"\/>\n\n\n\n<h2 class=\"wp-block-heading\"><strong>Cuidados para manter seu cardigan impec\u00e1vel<\/strong><\/h2>\n\n\n\n<ul class=\"wp-block-list\">\n<li><strong>Lave \u00e0 m\u00e3o<\/strong> ou em ciclo delicado.<br><\/li>\n\n\n\n<li><strong>Evite pendurar por longos per\u00edodos<\/strong> para n\u00e3o deformar.<br><\/li>\n\n\n\n<li><strong>Guarde dobrado<\/strong> em local arejado.<br><\/li>\n\n\n\n<li>Prefira sab\u00e3o neutro para preservar as fibras.<br><\/li>\n<\/ul>\n\n\n\n<p>Esses cuidados garantem que o <strong>cardigan<\/strong> mantenha sua apar\u00eancia e conforto por muito mais tempo.<\/p>\n\n\n\n<hr class=\"wp-block-separator has-alpha-channel-opacity\"\/>\n\n\n\n<h2 class=\"wp-block-heading\"><strong>Conclus\u00e3o<\/strong><\/h2>\n\n\n\n<p>O <strong>cardigan<\/strong> \u00e9 mais do que uma simples pe\u00e7a de roupa: \u00e9 um investimento em praticidade, estilo e versatilidade. Seja para enfrentar o inverno rigoroso ou para dar um toque elegante nos dias amenos, ele se adapta a voc\u00ea e \u00e0s suas necessidades.<\/p>\n\n\n\n<p>Se a ideia \u00e9 unir design, qualidade e conforto, vale conhecer a cole\u00e7\u00e3o de<a href=\"https:\/\/www.bonassatricot.com.br\/inverno\/cardigan\" target=\"_blank\" rel=\"noopener\"> <strong>cardigan<\/strong><\/a> da Bonassa Tricot, onde cada pe\u00e7a carrega tradi\u00e7\u00e3o no tric\u00f4 e inova\u00e7\u00e3o no design.<\/p>\n","protected":false},"excerpt":{"rendered":"<p>H\u00e1 pe\u00e7as no guarda-roupa que nunca saem de moda e acompanham diferentes estilos, idades e ocasi\u00f5es. O cardigan \u00e9 exatamente assim: um cl\u00e1ssico que se reinventa a cada temporada, mantendo-se relevante tanto no frio intenso quanto nas temperaturas amenas. Neste artigo, vamos explorar a hist\u00f3ria, os estilos, as combina\u00e7\u00f5es e as vantagens de investir em [&hellip;]<\/p>\n","protected":false},"author":1,"featured_media":117,"comment_status":"open","ping_status":"open","sticky":false,"template":"","format":"standard","meta":{"footnotes":""},"categories":[3],"tags":[],"class_list":["post-116","post","type-post","status-publish","format-standard","has-post-thumbnail","hentry","category-news"],"_links":{"self":[{"href":"https:\/\/radiodelsol.es\/index.php?rest_route=\/wp\/v2\/posts\/116","targetHints":{"allow":["GET"]}}],"collection":[{"href":"https:\/\/radiodelsol.es\/index.php?rest_route=\/wp\/v2\/posts"}],"about":[{"href":"https:\/\/radiodelsol.es\/index.php?rest_route=\/wp\/v2\/types\/post"}],"author":[{"embeddable":true,"href":"https:\/\/radiodelsol.es\/index.php?rest_route=\/wp\/v2\/users\/1"}],"replies":[{"embeddable":true,"href":"https:\/\/radiodelsol.es\/index.php?rest_route=%2Fwp%2Fv2%2Fcomments&post=116"}],"version-history":[{"count":1,"href":"https:\/\/radiodelsol.es\/index.php?rest_route=\/wp\/v2\/posts\/116\/revisions"}],"predecessor-version":[{"id":118,"href":"https:\/\/radiodelsol.es\/index.php?rest_route=\/wp\/v2\/posts\/116\/revisions\/118"}],"wp:featuredmedia":[{"embeddable":true,"href":"https:\/\/radiodelsol.es\/index.php?rest_route=\/wp\/v2\/media\/117"}],"wp:attachment":[{"href":"https:\/\/radiodelsol.es\/index.php?rest_route=%2Fwp%2Fv2%2Fmedia&parent=116"}],"wp:term":[{"taxonomy":"category","embeddable":true,"href":"https:\/\/radiodelsol.es\/index.php?rest_route=%2Fwp%2Fv2%2Fcategories&post=116"},{"taxonomy":"post_tag","embeddable":true,"href":"https:\/\/radiodelsol.es\/index.php?rest_route=%2Fwp%2Fv2%2Ftags&post=116"}],"curies":[{"name":"wp","href":"https:\/\/api.w.org\/{rel}","templated":true}]}}