{"id":113,"date":"2025-08-03T18:57:51","date_gmt":"2025-08-03T18:57:51","guid":{"rendered":"https:\/\/radiodelsol.es\/?p=113"},"modified":"2025-08-11T19:03:31","modified_gmt":"2025-08-11T19:03:31","slug":"colete-feminino-inverno-elegancia-e-aconchego-na-temporada-mais-fria-do-ano","status":"publish","type":"post","link":"https:\/\/radiodelsol.es\/?p=113","title":{"rendered":"Colete Feminino Inverno: eleg\u00e2ncia e aconchego na temporada mais fria do ano"},"content":{"rendered":"\n<p>O <strong>colete feminino inverno<\/strong> \u00e9 uma pe\u00e7a que une charme, funcionalidade e versatilidade. Ele permite criar looks quentinhos sem abrir m\u00e3o da mobilidade, sendo perfeito para sobreposi\u00e7\u00f5es criativas e estilosas.<\/p>\n\n\n\n<hr class=\"wp-block-separator has-alpha-channel-opacity\"\/>\n\n\n\n<h2 class=\"wp-block-heading\"><strong>Por que apostar no colete feminino inverno?<\/strong><\/h2>\n\n\n\n<p>A<a href=\"https:\/\/www.bonassatricot.com.br\/inverno\/colete\" target=\"_blank\" rel=\"noopener\"> <strong>colete feminino inverno<\/strong><\/a> \u00e9 pr\u00e1tica, moderna e ideal para enfrentar baixas temperaturas com muito estilo.<\/p>\n\n\n\n<p>Benef\u00edcios:<\/p>\n\n\n\n<ul class=\"wp-block-list\">\n<li><strong>Versatilidade<\/strong>: combina com camisas, blusas de tric\u00f4, vestidos e at\u00e9 moletons.<br><\/li>\n\n\n\n<li><strong>Conforto t\u00e9rmico<\/strong>: aquece sem sobrecarregar o visual.<br><\/li>\n\n\n\n<li><strong>Estilo atemporal<\/strong>: acompanha tend\u00eancias, mas nunca sai de moda.<br><\/li>\n<\/ul>\n\n\n\n<hr class=\"wp-block-separator has-alpha-channel-opacity\"\/>\n\n\n\n<h2 class=\"wp-block-heading\"><strong>Modelos mais buscados<\/strong><\/h2>\n\n\n\n<p>O mercado de<a href=\"https:\/\/www.bonassatricot.com.br\/inverno\/colete\" target=\"_blank\" rel=\"noopener\"> <strong>colete feminino inverno<\/strong><\/a> oferece uma variedade de op\u00e7\u00f5es para diferentes gostos:<\/p>\n\n\n\n<ul class=\"wp-block-list\">\n<li><strong>Alongado<\/strong>: ideal para alongar a silhueta.<br><\/li>\n\n\n\n<li><strong>Puffer<\/strong>: moderno e superprotetor contra o frio.<br><\/li>\n\n\n\n<li><strong>Tric\u00f4<\/strong>: aconchegante e elegante.<br><\/li>\n\n\n\n<li><strong>Alfaiataria<\/strong>: sofisticado para o ambiente profissional.<br><\/li>\n<\/ul>\n\n\n\n<hr class=\"wp-block-separator has-alpha-channel-opacity\"\/>\n\n\n\n<h2 class=\"wp-block-heading\"><strong>Como usar o colete feminino inverno<\/strong><\/h2>\n\n\n\n<ul class=\"wp-block-list\">\n<li><strong>Look casual<\/strong>: jeans, bota e<a href=\"https:\/\/www.bonassatricot.com.br\/inverno\/colete\" target=\"_blank\" rel=\"noopener\"> <strong>colete feminino inverno<\/strong><\/a> acolchoado.<br><\/li>\n\n\n\n<li><strong>Produ\u00e7\u00e3o elegante<\/strong>: vestido midi, botas de cano alto e um colete de alfaiataria.<br><\/li>\n\n\n\n<li><strong>Estilo urbano<\/strong>: legging, t\u00eanis chunky e colete oversized.<br><\/li>\n\n\n\n<li><strong>Combina\u00e7\u00e3o para meia-esta\u00e7\u00e3o<\/strong>: blusa leve e<a href=\"https:\/\/www.bonassatricot.com.br\/inverno\/colete\" target=\"_blank\" rel=\"noopener\"> <strong>colete feminino inverno<\/strong><\/a> de tric\u00f4.<br><\/li>\n<\/ul>\n\n\n\n<hr class=\"wp-block-separator has-alpha-channel-opacity\"\/>\n\n\n\n<h2 class=\"wp-block-heading\"><strong>Cores e combina\u00e7\u00f5es da temporada<\/strong><\/h2>\n\n\n\n<p>O<a href=\"https:\/\/www.bonassatricot.com.br\/inverno\/colete\" target=\"_blank\" rel=\"noopener\"> <strong>colete feminino inverno<\/strong><\/a> em tons neutros como preto, bege e cinza \u00e9 ideal para quem busca versatilidade. J\u00e1 os modelos coloridos ou estampados trazem um toque de personalidade e modernidade.<\/p>\n\n\n\n<hr class=\"wp-block-separator has-alpha-channel-opacity\"\/>\n\n\n\n<h2 class=\"wp-block-heading\"><strong>Cuidados para manter seu colete impec\u00e1vel<\/strong><\/h2>\n\n\n\n<ul class=\"wp-block-list\">\n<li>Lavar conforme a indica\u00e7\u00e3o da etiqueta.<br><\/li>\n\n\n\n<li>Guardar em local arejado.<br><\/li>\n\n\n\n<li>Evitar contato com superf\u00edcies \u00e1speras para preservar o tecido.<br><\/li>\n<\/ul>\n\n\n\n<p>Seguindo essas dicas, o<a href=\"https:\/\/www.bonassatricot.com.br\/inverno\/colete\" target=\"_blank\" rel=\"noopener\"> <strong>colete feminino inverno<\/strong><\/a> manter\u00e1 sua apar\u00eancia e durabilidade por muitas temporadas.<\/p>\n\n\n\n<hr class=\"wp-block-separator has-alpha-channel-opacity\"\/>\n\n\n\n<h2 class=\"wp-block-heading\"><strong>Conclus\u00e3o<\/strong><\/h2>\n\n\n\n<p>O <strong>colete feminino inverno<\/strong> \u00e9 uma pe\u00e7a essencial para quem busca unir conforto e eleg\u00e2ncia nos dias frios. Na Bonassa Tricot, voc\u00ea encontra<a href=\"https:\/\/www.bonassatricot.com.br\/inverno\/colete\" target=\"_blank\" rel=\"noopener\"> <strong>colete feminino inverno<\/strong><\/a> com design exclusivo, qualidade premium e caimento impec\u00e1vel.<\/p>\n\n\n\n<p><strong>Refer\u00eancia externa:<\/strong> saiba mais sobre a hist\u00f3ria e caracter\u00edsticas do colete na <a href=\"https:\/\/pt.wikipedia.org\/wiki\/Colete\" target=\"_blank\" rel=\"noopener\">Wikip\u00e9dia<\/a>.<\/p>\n","protected":false},"excerpt":{"rendered":"<p>O colete feminino inverno \u00e9 uma pe\u00e7a que une charme, funcionalidade e versatilidade. Ele permite criar looks quentinhos sem abrir m\u00e3o da mobilidade, sendo perfeito para sobreposi\u00e7\u00f5es criativas e estilosas. Por que apostar no colete feminino inverno? A colete feminino inverno \u00e9 pr\u00e1tica, moderna e ideal para enfrentar baixas temperaturas com muito estilo. Benef\u00edcios: Modelos [&hellip;]<\/p>\n","protected":false},"author":1,"featured_media":114,"comment_status":"open","ping_status":"open","sticky":false,"template":"","format":"standard","meta":{"footnotes":""},"categories":[3],"tags":[],"class_list":["post-113","post","type-post","status-publish","format-standard","has-post-thumbnail","hentry","category-news"],"_links":{"self":[{"href":"https:\/\/radiodelsol.es\/index.php?rest_route=\/wp\/v2\/posts\/113","targetHints":{"allow":["GET"]}}],"collection":[{"href":"https:\/\/radiodelsol.es\/index.php?rest_route=\/wp\/v2\/posts"}],"about":[{"href":"https:\/\/radiodelsol.es\/index.php?rest_route=\/wp\/v2\/types\/post"}],"author":[{"embeddable":true,"href":"https:\/\/radiodelsol.es\/index.php?rest_route=\/wp\/v2\/users\/1"}],"replies":[{"embeddable":true,"href":"https:\/\/radiodelsol.es\/index.php?rest_route=%2Fwp%2Fv2%2Fcomments&post=113"}],"version-history":[{"count":1,"href":"https:\/\/radiodelsol.es\/index.php?rest_route=\/wp\/v2\/posts\/113\/revisions"}],"predecessor-version":[{"id":115,"href":"https:\/\/radiodelsol.es\/index.php?rest_route=\/wp\/v2\/posts\/113\/revisions\/115"}],"wp:featuredmedia":[{"embeddable":true,"href":"https:\/\/radiodelsol.es\/index.php?rest_route=\/wp\/v2\/media\/114"}],"wp:attachment":[{"href":"https:\/\/radiodelsol.es\/index.php?rest_route=%2Fwp%2Fv2%2Fmedia&parent=113"}],"wp:term":[{"taxonomy":"category","embeddable":true,"href":"https:\/\/radiodelsol.es\/index.php?rest_route=%2Fwp%2Fv2%2Fcategories&post=113"},{"taxonomy":"post_tag","embeddable":true,"href":"https:\/\/radiodelsol.es\/index.php?rest_route=%2Fwp%2Fv2%2Ftags&post=113"}],"curies":[{"name":"wp","href":"https:\/\/api.w.org\/{rel}","templated":true}]}}