{"id":107,"date":"2025-08-03T15:32:44","date_gmt":"2025-08-03T15:32:44","guid":{"rendered":"https:\/\/radiodelsol.es\/?p=107"},"modified":"2025-08-11T15:34:45","modified_gmt":"2025-08-11T15:34:45","slug":"protetor-solar-em-capsulas-o-que-e-como-funciona-e-vale-a-pena-usar","status":"publish","type":"post","link":"https:\/\/radiodelsol.es\/?p=107","title":{"rendered":"Protetor Solar em C\u00e1psulas: O Que \u00c9, Como Funciona e Vale a Pena Usar?"},"content":{"rendered":"\n<p>Nos \u00faltimos anos, a busca por alternativas inovadoras para proteger a pele dos efeitos nocivos do sol tem aumentado. Entre as novidades, o<a href=\"https:\/\/clinicaleilanecatricala.com.br\/blog\/141\/protetor-solar-via-oral-funciona\" target=\"_blank\" rel=\"noopener\"> <strong>protetor solar em c\u00e1psulas<\/strong><\/a> ganhou destaque como complemento aos filtros solares t\u00f3picos. Mas ser\u00e1 que ele realmente funciona? Na <strong>Cl\u00ednica Leilane Catricala<\/strong>, reunimos informa\u00e7\u00f5es essenciais para esclarecer como esse produto atua e se \u00e9 indicado para voc\u00ea.<\/p>\n\n\n\n<h2 class=\"wp-block-heading\"><strong>O que \u00e9 o protetor solar em c\u00e1psulas?<\/strong><\/h2>\n\n\n\n<p>O <strong>protetor solar em c\u00e1psulas<\/strong> \u00e9 um suplemento nutricional formulado com antioxidantes, vitaminas e minerais que ajudam a reduzir os danos causados pela radia\u00e7\u00e3o ultravioleta. Diferente do protetor solar tradicional, ele age de dentro para fora, fortalecendo as defesas naturais do organismo contra o estresse oxidativo provocado pelo sol.<\/p>\n\n\n\n<p>Segundo estudos publicados no National Center for Biotechnology Information, esses compostos podem auxiliar na redu\u00e7\u00e3o da inflama\u00e7\u00e3o, na prote\u00e7\u00e3o das c\u00e9lulas e no combate aos radicais livres.<\/p>\n\n\n\n<h2 class=\"wp-block-heading\"><strong>Como funciona?<\/strong><\/h2>\n\n\n\n<p>Ap\u00f3s a ingest\u00e3o, os ativos presentes no<a href=\"https:\/\/clinicaleilanecatricala.com.br\/blog\/141\/protetor-solar-via-oral-funciona\" target=\"_blank\" rel=\"noopener\"> <strong>protetor solar em c\u00e1psulas<\/strong><\/a> s\u00e3o absorvidos pelo organismo e distribu\u00eddos pela corrente sangu\u00ednea. Esses ingredientes atuam como uma barreira antioxidante interna, ajudando a minimizar o impacto da radia\u00e7\u00e3o UV sobre as c\u00e9lulas da pele.<\/p>\n\n\n\n<p>\u00c9 importante destacar que ele <strong>n\u00e3o substitui<\/strong> o uso do protetor solar t\u00f3pico, mas funciona como um refor\u00e7o para quem busca prote\u00e7\u00e3o adicional.<\/p>\n\n\n\n<h2 class=\"wp-block-heading\"><strong>Principais ativos encontrados<\/strong><\/h2>\n\n\n\n<p>Os ingredientes podem variar de acordo com a marca e formula\u00e7\u00e3o, mas os mais comuns incluem:<\/p>\n\n\n\n<ul class=\"wp-block-list\">\n<li><strong>Polypodium leucotomos:<\/strong> extrato vegetal com a\u00e7\u00e3o antioxidante e anti-inflamat\u00f3ria.<br><\/li>\n\n\n\n<li><strong>Licopeno:<\/strong> pigmento natural com forte a\u00e7\u00e3o contra radicais livres.<br><\/li>\n\n\n\n<li><strong>Betacaroteno:<\/strong> precursor da vitamina A, importante para a sa\u00fade da pele.<br><\/li>\n\n\n\n<li><strong>Vitamina C e E:<\/strong> antioxidantes que auxiliam na regenera\u00e7\u00e3o celular.<br><\/li>\n\n\n\n<li><strong>Sel\u00eanio e zinco:<\/strong> minerais que fortalecem as defesas naturais do corpo.<br><\/li>\n<\/ul>\n\n\n\n<p>Esses nutrientes ajudam a potencializar a prote\u00e7\u00e3o e manter a pele saud\u00e1vel.<\/p>\n\n\n\n<h2 class=\"wp-block-heading\"><strong>Indica\u00e7\u00f5es do protetor solar em c\u00e1psulas<\/strong><\/h2>\n\n\n\n<p>O<a href=\"https:\/\/clinicaleilanecatricala.com.br\/blog\/141\/protetor-solar-via-oral-funciona\" target=\"_blank\" rel=\"noopener\"> <strong>protetor solar em c\u00e1psulas<\/strong><\/a> pode ser indicado para:<\/p>\n\n\n\n<ul class=\"wp-block-list\">\n<li>Pessoas com pele muito sens\u00edvel ao sol.<br><\/li>\n\n\n\n<li>Pacientes com hist\u00f3rico de manchas e melasma.<br><\/li>\n\n\n\n<li>Quem passa longos per\u00edodos ao ar livre.<br><\/li>\n\n\n\n<li>Pessoas em tratamento dermatol\u00f3gico que exige prote\u00e7\u00e3o refor\u00e7ada.<br><\/li>\n<\/ul>\n\n\n\n<h2 class=\"wp-block-heading\"><strong>Benef\u00edcios<\/strong><\/h2>\n\n\n\n<p>Entre os principais benef\u00edcios relatados est\u00e3o:<\/p>\n\n\n\n<ol class=\"wp-block-list\">\n<li><strong>Prote\u00e7\u00e3o complementar contra os raios UV<\/strong> \u2013 Atua junto com o filtro solar tradicional.<br><\/li>\n\n\n\n<li><strong>A\u00e7\u00e3o antioxidante potente<\/strong> \u2013 Reduz o estresse oxidativo.<br><\/li>\n\n\n\n<li><strong>Melhora da resist\u00eancia da pele<\/strong> \u2013 Torna a pele menos suscet\u00edvel a queimaduras solares.<br><\/li>\n\n\n\n<li><strong>Praticidade<\/strong> \u2013 F\u00e1cil de incluir na rotina di\u00e1ria.<br><\/li>\n<\/ol>\n\n\n\n<h2 class=\"wp-block-heading\"><strong>Limita\u00e7\u00f5es e cuidados<\/strong><\/h2>\n\n\n\n<p>Apesar dos benef\u00edcios, o<a href=\"https:\/\/clinicaleilanecatricala.com.br\/blog\/141\/protetor-solar-via-oral-funciona\" target=\"_blank\" rel=\"noopener\"> <strong>protetor solar em c\u00e1psulas<\/strong><\/a> n\u00e3o deve ser usado como substituto do filtro solar t\u00f3pico. Ele tamb\u00e9m n\u00e3o dispensa outras medidas de fotoprote\u00e7\u00e3o, como o uso de chap\u00e9us, \u00f3culos escuros e roupas com prote\u00e7\u00e3o UV.<\/p>\n\n\n\n<p>\u00c9 fundamental buscar orienta\u00e7\u00e3o m\u00e9dica antes de iniciar o uso, especialmente para pessoas com condi\u00e7\u00f5es de sa\u00fade espec\u00edficas ou em uso de medicamentos cont\u00ednuos.<\/p>\n\n\n\n<h2 class=\"wp-block-heading\"><strong>Existe comprova\u00e7\u00e3o cient\u00edfica?<\/strong><\/h2>\n\n\n\n<p>Estudos indicam que alguns dos ingredientes presentes no<a href=\"https:\/\/clinicaleilanecatricala.com.br\/blog\/141\/protetor-solar-via-oral-funciona\" target=\"_blank\" rel=\"noopener\"> <strong>protetor solar em c\u00e1psulas<\/strong><\/a> podem ajudar a aumentar a resist\u00eancia da pele ao sol. No entanto, a efic\u00e1cia pode variar de pessoa para pessoa, e ele deve ser encarado como um complemento \u2014 n\u00e3o como a \u00fanica forma de prote\u00e7\u00e3o.<\/p>\n\n\n\n<p>A Sociedade Brasileira de Dermatologia refor\u00e7a que os filtros t\u00f3picos continuam sendo indispens\u00e1veis.<\/p>\n\n\n\n<h2 class=\"wp-block-heading\"><strong>Como incluir na rotina<\/strong><\/h2>\n\n\n\n<ol class=\"wp-block-list\">\n<li><strong>Consulta m\u00e9dica<\/strong> \u2013 Antes de iniciar, pe\u00e7a uma avalia\u00e7\u00e3o profissional.<br><\/li>\n\n\n\n<li><strong>Uso di\u00e1rio<\/strong> \u2013 Tomar a c\u00e1psula de acordo com as instru\u00e7\u00f5es do fabricante.<br><\/li>\n\n\n\n<li><strong>Associa\u00e7\u00e3o com protetor t\u00f3pico<\/strong> \u2013 Sempre aplicar filtro solar na pele exposta.<br><\/li>\n\n\n\n<li><strong>Medidas adicionais<\/strong> \u2013 Evitar exposi\u00e7\u00e3o excessiva entre 10h e 16h.<br><\/li>\n<\/ol>\n\n\n\n<h2 class=\"wp-block-heading\"><strong>Poss\u00edveis efeitos colaterais<\/strong><\/h2>\n\n\n\n<p>Em geral, o <strong>protetor solar em c\u00e1psulas<\/strong> \u00e9 bem tolerado, mas algumas pessoas podem apresentar rea\u00e7\u00f5es como desconforto gastrointestinal ou alergia a algum componente. Por isso, a orienta\u00e7\u00e3o profissional \u00e9 indispens\u00e1vel.<\/p>\n\n\n\n<h2 class=\"wp-block-heading\"><strong>Dura\u00e7\u00e3o do tratamento<\/strong><\/h2>\n\n\n\n<p>Os efeitos protetores tendem a se manifestar ap\u00f3s algumas semanas de uso cont\u00ednuo. A dura\u00e7\u00e3o ideal do tratamento vai depender do objetivo e da orienta\u00e7\u00e3o m\u00e9dica.<\/p>\n\n\n\n<h2 class=\"wp-block-heading\"><strong>Considera\u00e7\u00f5es finais<\/strong><\/h2>\n\n\n\n<p>O<a href=\"https:\/\/clinicaleilanecatricala.com.br\/blog\/141\/protetor-solar-via-oral-funciona\" target=\"_blank\" rel=\"noopener\"> <strong>protetor solar em c\u00e1psulas<\/strong><\/a> \u00e9 uma tecnologia que pode contribuir significativamente para a sa\u00fade da pele, especialmente quando associada ao uso de protetor solar t\u00f3pico e outros h\u00e1bitos de fotoprote\u00e7\u00e3o. Na <strong>Cl\u00ednica Leilane Catricala<\/strong>, orientamos nossos pacientes de forma personalizada para garantir os melhores resultados.<\/p>\n","protected":false},"excerpt":{"rendered":"<p>Nos \u00faltimos anos, a busca por alternativas inovadoras para proteger a pele dos efeitos nocivos do sol tem aumentado. Entre as novidades, o protetor solar em c\u00e1psulas ganhou destaque como complemento aos filtros solares t\u00f3picos. Mas ser\u00e1 que ele realmente funciona? Na Cl\u00ednica Leilane Catricala, reunimos informa\u00e7\u00f5es essenciais para esclarecer como esse produto atua e [&hellip;]<\/p>\n","protected":false},"author":1,"featured_media":108,"comment_status":"open","ping_status":"open","sticky":false,"template":"","format":"standard","meta":{"footnotes":""},"categories":[3],"tags":[],"class_list":["post-107","post","type-post","status-publish","format-standard","has-post-thumbnail","hentry","category-news"],"_links":{"self":[{"href":"https:\/\/radiodelsol.es\/index.php?rest_route=\/wp\/v2\/posts\/107","targetHints":{"allow":["GET"]}}],"collection":[{"href":"https:\/\/radiodelsol.es\/index.php?rest_route=\/wp\/v2\/posts"}],"about":[{"href":"https:\/\/radiodelsol.es\/index.php?rest_route=\/wp\/v2\/types\/post"}],"author":[{"embeddable":true,"href":"https:\/\/radiodelsol.es\/index.php?rest_route=\/wp\/v2\/users\/1"}],"replies":[{"embeddable":true,"href":"https:\/\/radiodelsol.es\/index.php?rest_route=%2Fwp%2Fv2%2Fcomments&post=107"}],"version-history":[{"count":1,"href":"https:\/\/radiodelsol.es\/index.php?rest_route=\/wp\/v2\/posts\/107\/revisions"}],"predecessor-version":[{"id":109,"href":"https:\/\/radiodelsol.es\/index.php?rest_route=\/wp\/v2\/posts\/107\/revisions\/109"}],"wp:featuredmedia":[{"embeddable":true,"href":"https:\/\/radiodelsol.es\/index.php?rest_route=\/wp\/v2\/media\/108"}],"wp:attachment":[{"href":"https:\/\/radiodelsol.es\/index.php?rest_route=%2Fwp%2Fv2%2Fmedia&parent=107"}],"wp:term":[{"taxonomy":"category","embeddable":true,"href":"https:\/\/radiodelsol.es\/index.php?rest_route=%2Fwp%2Fv2%2Fcategories&post=107"},{"taxonomy":"post_tag","embeddable":true,"href":"https:\/\/radiodelsol.es\/index.php?rest_route=%2Fwp%2Fv2%2Ftags&post=107"}],"curies":[{"name":"wp","href":"https:\/\/api.w.org\/{rel}","templated":true}]}}